{"id":42288,"date":"2012-12-17T21:58:47","date_gmt":"2012-12-18T00:58:47","guid":{"rendered":"http:\/\/senoticias.com.br\/se\/?p=42288"},"modified":"2012-12-19T09:27:09","modified_gmt":"2012-12-19T12:27:09","slug":"joao-alves-filho-e-diplomado-prefeito-eleito-de-aracaju","status":"publish","type":"post","link":"https:\/\/senoticias.com.br\/se\/joao-alves-filho-e-diplomado-prefeito-eleito-de-aracaju\/","title":{"rendered":"Jo\u00e3o Alves Filho \u00e9 diplomado prefeito eleito de Aracaju"},"content":{"rendered":"<p>&nbsp;<\/p>\n<h5><strong><a href=\" http:\/\/g1.globo.com\/se\/sergipe\/noticia\/2012\/12\/prefeito-eleito-em-aracaju-joao-alves-filho-e-diplomado.html\" target=\"_blank\">Fredson Navarro e Fl\u00e1vio Antunes &#8211; G1 SE<\/a><\/strong><\/h5>\n<div id=\"attachment_42289\" style=\"width: 605px\" class=\"wp-caption aligncenter\"><a href=\"http:\/\/senoticias.com.br\/se\/wp-content\/uploads\/2012\/12\/joao1.jpg\"><img loading=\"lazy\" decoding=\"async\" aria-describedby=\"caption-attachment-42289\" class=\"size-full wp-image-42289\" title=\"joao1\" src=\"http:\/\/senoticias.com.br\/se\/wp-content\/uploads\/2012\/12\/joao1.jpg\" alt=\"\" width=\"595\" height=\"446\" srcset=\"https:\/\/senoticias.com.br\/se\/wp-content\/uploads\/2012\/12\/joao1.jpg 595w, https:\/\/senoticias.com.br\/se\/wp-content\/uploads\/2012\/12\/joao1-300x224.jpg 300w, https:\/\/senoticias.com.br\/se\/wp-content\/uploads\/2012\/12\/joao1-342x256.jpg 342w, https:\/\/senoticias.com.br\/se\/wp-content\/uploads\/2012\/12\/joao1-60x45.jpg 60w, https:\/\/senoticias.com.br\/se\/wp-content\/uploads\/2012\/12\/joao1-150x113.jpg 150w, https:\/\/senoticias.com.br\/se\/wp-content\/uploads\/2012\/12\/joao1-269x201.jpg 269w\" sizes=\"(max-width: 595px) 100vw, 595px\" \/><\/a><p id=\"caption-attachment-42289\" class=\"wp-caption-text\">Jo\u00e3o Alves Filho e Jos\u00e9 Carlos Machado s\u00e3o diplomados (Foto: Flavio Antunes\/ G1 SE)<\/p><\/div>\n<p style=\"text-align: justify;\">O prefeito eleito em Aracaju, Jo\u00e3o Alves Filho (DEM), nas elei\u00e7\u00f5es municipais 2012 foi diplomado nesta segunda-feira (17) pela Justi\u00e7a Eleitoral no Teatro Tobias Barreto na capital. O vice-prefeito eleito Jos\u00e9 Carlos Machado (PSDB) tamb\u00e9m foi diplomado.Jo\u00e3o Alves foi eleito prefeito de Aracaju com 159.668 votos, o equivalente a 52,72% dos votos v\u00e1lidos.<\/p>\n<p style=\"text-align: justify;\">Com o diploma em m\u00e3os, o prefeito eleito disse que o pr\u00f3ximo passo ser\u00e1 o anuncio do secretariado. \u201cA transi\u00e7\u00e3o est\u00e1 praticamente encerrada, pois n\u00f3s j\u00e1 estamos com informa\u00e7\u00f5es suficientes para dar seguimento aos projetos para Aracaju. Vamos agora passar para a etapa do an\u00fancio dos secret\u00e1rios e a discuss\u00e3o da mesa. J\u00e1 com rela\u00e7\u00e3o ao governo, n\u00f3s temos interesses em comum e n\u00e3o hesitaremos em procurar o govenador para di\u00e1logos que fa\u00e7am Aracaju crescer\u201d, garante.<\/p>\n<p style=\"text-align: justify;\">A diploma\u00e7\u00e3o foi comandada pela ju\u00edza da 2\u00aa Zona Eleitoral, Ana Bernadete Leite. A mesa da solenidade foi composta pela ju\u00edza e representantes dos poderes Executivo, Legislativo e Judici\u00e1rio, de \u00e2mbito estadual e municipal.<\/p>\n<p style=\"text-align: justify;\">Depois da diploma\u00e7\u00e3o, o candidato eleito torna-se apto para tomar posse do cargo para o qual foi democraticamente escolhido. De acordo com o Calend\u00e1rio Eleitoral de 2012, a diploma\u00e7\u00e3o dos eleitos em todos os munic\u00edpios do pa\u00eds dever\u00e1 ocorrer at\u00e9 o dia 19 de dezembro.<\/p>\n<p style=\"text-align: justify;\">A posse de Jo\u00e3o Alves Filho est\u00e1 prevista para ocorrer na tarde do dia 1\u00ba de janeiro de 2013.<\/p>\n<p style=\"text-align: justify;\"><strong>Biografia<\/strong><\/p>\n<p style=\"text-align: justify;\">Jo\u00e3o Alves Filho nasceu no dia 3 de julho de 1941, em Aracaju (SE). Engenheiro civil, ele iniciou a trajet\u00f3ria pol\u00edtica aos 20 anos, quando estudava na Universidade Federal da Bahia (UFBA) e foi membro da Juventude Universit\u00e1ria Cat\u00f3lica (JUC).<\/p>\n<p style=\"text-align: justify;\">De volta ao Sergipe, trabalhou com o pai em uma construtora da fam\u00edlia. Assumiu a Prefeitura de Aracaju (1975-1979) como prefeito bi\u00f4nico, de forma indireta, apoiando a Ditadura Militar, durante o governo de Jos\u00e9 Rollemberg Leite no estado. Foi eleito governador de Sergipe, em 1982, e nomeado Ministro de Estado do Interior pelo Presidente Jos\u00e9 Sarney, em 1987. Em 1990, foi candidato ao governo de Sergipe pela segunda vez e venceu.<\/p>\n<p style=\"text-align: justify;\">Em 1998, concorreu novamente ao governo de Sergipe, mas foi derrotado pelo ent\u00e3o governador Albano Franco (PSDB).<br \/>\nDisputou o pleito ao governo do estado pela quarta vez em 2002 e venceu, derrotando o ent\u00e3o senador Jos\u00e9 Eduardo Dutra (PT).<\/p>\n<p style=\"text-align: justify;\">Em 2006, tentou a reelei\u00e7\u00e3o mas foi derrotado pelo ex-prefeito de Aracaju, Marcelo D\u00e9da (PT). Em 2010 candidatou-se pela sexta vez ao governo do estado e foi derrotado mais uma vez pro Marcelo D\u00e9da.<\/p>\n<p style=\"text-align: justify;\">Jo\u00e3o \u00e9 casado com a senadora Maria do Carmo Alves (DEM) e tem tr\u00eas filhos: Ana, Jo\u00e3o Neto e Cristina.<\/p>\n","protected":false},"excerpt":{"rendered":"<p>&nbsp; Fredson Navarro e Fl\u00e1vio Antunes &#8211; G1 SE O prefeito eleito em Aracaju, Jo\u00e3o Alves Filho (DEM), nas elei\u00e7\u00f5es municipais 2012 foi diplomado nesta segunda-feira (17) pela Justi\u00e7a Eleitoral no Teatro Tobias Barreto na capital. O vice-prefeito eleito Jos\u00e9 Carlos Machado (PSDB) tamb\u00e9m foi diplomado.Jo\u00e3o Alves foi eleito prefeito de Aracaju com 159.668 votos, [&hellip;]<\/p>\n","protected":false},"author":1,"featured_media":42289,"comment_status":"closed","ping_status":"closed","sticky":false,"template":"","format":"standard","meta":{"footnotes":""},"categories":[310,6],"tags":[],"class_list":{"0":"post-42288","1":"post","2":"type-post","3":"status-publish","4":"format-standard","5":"has-post-thumbnail","7":"category-destaques-da-semana","8":"category-politica"},"_links":{"self":[{"href":"https:\/\/senoticias.com.br\/se\/wp-json\/wp\/v2\/posts\/42288"}],"collection":[{"href":"https:\/\/senoticias.com.br\/se\/wp-json\/wp\/v2\/posts"}],"about":[{"href":"https:\/\/senoticias.com.br\/se\/wp-json\/wp\/v2\/types\/post"}],"author":[{"embeddable":true,"href":"https:\/\/senoticias.com.br\/se\/wp-json\/wp\/v2\/users\/1"}],"replies":[{"embeddable":true,"href":"https:\/\/senoticias.com.br\/se\/wp-json\/wp\/v2\/comments?post=42288"}],"version-history":[{"count":0,"href":"https:\/\/senoticias.com.br\/se\/wp-json\/wp\/v2\/posts\/42288\/revisions"}],"wp:featuredmedia":[{"embeddable":true,"href":"https:\/\/senoticias.com.br\/se\/wp-json\/wp\/v2\/media\/42289"}],"wp:attachment":[{"href":"https:\/\/senoticias.com.br\/se\/wp-json\/wp\/v2\/media?parent=42288"}],"wp:term":[{"taxonomy":"category","embeddable":true,"href":"https:\/\/senoticias.com.br\/se\/wp-json\/wp\/v2\/categories?post=42288"},{"taxonomy":"post_tag","embeddable":true,"href":"https:\/\/senoticias.com.br\/se\/wp-json\/wp\/v2\/tags?post=42288"}],"curies":[{"name":"wp","href":"https:\/\/api.w.org\/{rel}","templated":true}]}}