{"id":42281,"date":"2012-12-17T18:23:28","date_gmt":"2012-12-17T21:23:28","guid":{"rendered":"http:\/\/senoticias.com.br\/se\/?p=42281"},"modified":"2012-12-19T06:54:38","modified_gmt":"2012-12-19T09:54:38","slug":"gilmar-carvalho-chama-laercio-oliveira-de-traidor-e-diz-que-nao-participa-de-reuniao-a-seu-lado","status":"publish","type":"post","link":"https:\/\/senoticias.com.br\/se\/gilmar-carvalho-chama-laercio-oliveira-de-traidor-e-diz-que-nao-participa-de-reuniao-a-seu-lado\/","title":{"rendered":"Gilmar Carvalho chama La\u00e9rcio Oliveira de traidor"},"content":{"rendered":"<p>&nbsp;<\/p>\n<div id=\"attachment_40116\" style=\"width: 280px\" class=\"wp-caption alignleft\"><a href=\"http:\/\/senoticias.com.br\/se\/wp-content\/uploads\/2012\/10\/Gilmar-Carvalho.jpg\"><img loading=\"lazy\" decoding=\"async\" aria-describedby=\"caption-attachment-40116\" class=\"size-full wp-image-40116\" title=\"Gilmar Carvalho\" src=\"http:\/\/senoticias.com.br\/se\/wp-content\/uploads\/2012\/10\/Gilmar-Carvalho.jpg\" alt=\"\" width=\"270\" height=\"187\" srcset=\"https:\/\/senoticias.com.br\/se\/wp-content\/uploads\/2012\/10\/Gilmar-Carvalho.jpg 270w, https:\/\/senoticias.com.br\/se\/wp-content\/uploads\/2012\/10\/Gilmar-Carvalho-269x187.jpg 269w\" sizes=\"(max-width: 270px) 100vw, 270px\" \/><\/a><p id=\"caption-attachment-40116\" class=\"wp-caption-text\">Gilmar Carvalho, presidente do diret\u00f3rio de Aracaju do PR. (Foto: Reprodu\u00e7\u00e3o)<\/p><\/div>\n<p style=\"text-align: justify;\">O deputado estadual Gilmar Carvalho, presidente do diret\u00f3rio do PR e que recentemente assumiu a vaga de Susana Azevedo, n\u00e3o gostou das declara\u00e7\u00f5es feitas pelo deputado federal La\u00e9rcio Oliveira (PR), durante evento do partido, realizado no ultimo final de semana, onde ele (La\u00e9rcio) disse estar preocupado com o Proinveste. La\u00e9rcio defende que o estado contraia o empr\u00e9stimo e afirma que mesmo sendo oposi\u00e7\u00e3o, \u201co empr\u00e9stimo trar\u00e1 desenvolvimento para o estado\u201d.<\/p>\n<p style=\"text-align: justify;\">Gilmar que tem sido um dos maiores cr\u00edticos do governo de Marcelo D\u00e9da (PT), e que diariamente em seu programa de r\u00e1dio se mostra contrario a esse empr\u00e9stimo, (Proinveste) classificou na manha desta segunda-feira (17), o deputado federal La\u00e9rcio Oliveira como \u201ctraidor\u201d.<\/p>\n<p style=\"text-align: justify;\">-\u201cEu coloco a dire\u00e7\u00e3o do partido \u00e0 disposi\u00e7\u00e3o de La\u00e9rcio Oliveira e aviso que n\u00e3o me re\u00fano com traidor. Aviso tamb\u00e9m que se La\u00e9rcio participar de alguma reuni\u00e3o de nosso grupo, eu n\u00e3o irei. Repito, n\u00e3o participo de reuni\u00e3o ao lado traidor. La\u00e9rcio Oliveira voc\u00ea \u00e9 um traidor\u201d, disse Gilmar Carvalho.<\/p>\n<p style=\"text-align: justify;\">Muito irritado, Gilmar disse que n\u00e3o aceitaria que La\u00e9rcio Oliveira sa\u00edsse em defesa do empr\u00e9stimo, afirmando inclusive que \u201cLa\u00e9rcio Oliveira n\u00e3o est\u00e1 preocupado com o empr\u00e9stimo para o estado, mas sim com o seu bolso\u201d, acusou Gilmar.<\/p>\n<p style=\"text-align: justify;\">Durante todo o dia, o deputado La\u00e9rcio Oliveira se manteve calado e n\u00e3o respondeu ao radialista e deputado. N\u00e3o se sabe qual ser\u00e1 a rea\u00e7\u00e3o do parlamentar federal. Em uma m\u00eddia social, foi publicado que La\u00e9rcio iria exigir que Gilmar se retratasse sobre o que disse.<\/p>\n<p style=\"text-align: justify;\"><span style=\"color: #333333;\"><strong>Munir Darrage &#8211; Fax Aju<\/strong><\/span><\/p>\n","protected":false},"excerpt":{"rendered":"<p>&nbsp; O deputado estadual Gilmar Carvalho, presidente do diret\u00f3rio do PR e que recentemente assumiu a vaga de Susana Azevedo, n\u00e3o gostou das declara\u00e7\u00f5es feitas pelo deputado federal La\u00e9rcio Oliveira (PR), durante evento do partido, realizado no ultimo final de semana, onde ele (La\u00e9rcio) disse estar preocupado com o Proinveste. La\u00e9rcio defende que o estado [&hellip;]<\/p>\n","protected":false},"author":1,"featured_media":40116,"comment_status":"closed","ping_status":"closed","sticky":false,"template":"","format":"standard","meta":{"footnotes":""},"categories":[6],"tags":[],"class_list":{"0":"post-42281","1":"post","2":"type-post","3":"status-publish","4":"format-standard","5":"has-post-thumbnail","7":"category-politica"},"_links":{"self":[{"href":"https:\/\/senoticias.com.br\/se\/wp-json\/wp\/v2\/posts\/42281"}],"collection":[{"href":"https:\/\/senoticias.com.br\/se\/wp-json\/wp\/v2\/posts"}],"about":[{"href":"https:\/\/senoticias.com.br\/se\/wp-json\/wp\/v2\/types\/post"}],"author":[{"embeddable":true,"href":"https:\/\/senoticias.com.br\/se\/wp-json\/wp\/v2\/users\/1"}],"replies":[{"embeddable":true,"href":"https:\/\/senoticias.com.br\/se\/wp-json\/wp\/v2\/comments?post=42281"}],"version-history":[{"count":0,"href":"https:\/\/senoticias.com.br\/se\/wp-json\/wp\/v2\/posts\/42281\/revisions"}],"wp:featuredmedia":[{"embeddable":true,"href":"https:\/\/senoticias.com.br\/se\/wp-json\/wp\/v2\/media\/40116"}],"wp:attachment":[{"href":"https:\/\/senoticias.com.br\/se\/wp-json\/wp\/v2\/media?parent=42281"}],"wp:term":[{"taxonomy":"category","embeddable":true,"href":"https:\/\/senoticias.com.br\/se\/wp-json\/wp\/v2\/categories?post=42281"},{"taxonomy":"post_tag","embeddable":true,"href":"https:\/\/senoticias.com.br\/se\/wp-json\/wp\/v2\/tags?post=42281"}],"curies":[{"name":"wp","href":"https:\/\/api.w.org\/{rel}","templated":true}]}}