{"id":42278,"date":"2012-12-17T18:03:59","date_gmt":"2012-12-17T21:03:59","guid":{"rendered":"http:\/\/senoticias.com.br\/se\/?p=42278"},"modified":"2012-12-17T18:10:24","modified_gmt":"2012-12-17T21:10:24","slug":"policia-intensifica-trabalho-de-combate-ao-trafico-de-drogas-em-rosario","status":"publish","type":"post","link":"https:\/\/senoticias.com.br\/se\/policia-intensifica-trabalho-de-combate-ao-trafico-de-drogas-em-rosario\/","title":{"rendered":"Pol\u00edcia intensifica trabalho de combate ao tr\u00e1fico de drogas em Ros\u00e1rio"},"content":{"rendered":"<p>&nbsp;<\/p>\n<div id=\"attachment_42279\" style=\"width: 310px\" class=\"wp-caption alignleft\"><a href=\"http:\/\/senoticias.com.br\/se\/wp-content\/uploads\/2012\/12\/fausto2.jpg\"><img loading=\"lazy\" decoding=\"async\" aria-describedby=\"caption-attachment-42279\" class=\"size-medium wp-image-42279\" title=\"fausto2\" src=\"http:\/\/senoticias.com.br\/se\/wp-content\/uploads\/2012\/12\/fausto2-300x290.jpg\" alt=\"\" width=\"300\" height=\"290\" srcset=\"https:\/\/senoticias.com.br\/se\/wp-content\/uploads\/2012\/12\/fausto2-300x290.jpg 300w, https:\/\/senoticias.com.br\/se\/wp-content\/uploads\/2012\/12\/fausto2-342x331.jpg 342w, https:\/\/senoticias.com.br\/se\/wp-content\/uploads\/2012\/12\/fausto2.jpg 536w\" sizes=\"(max-width: 300px) 100vw, 300px\" \/><\/a><p id=\"caption-attachment-42279\" class=\"wp-caption-text\">Comandante do GOT de Ros\u00e1rio do Catete, Fausto Andrade e o delegado de Ros\u00e1rio, Adelmo Pel\u00e1gio. (Foto: Reprodu\u00e7\u00e3o)<\/p><\/div>\n<p style=\"text-align: justify;\">O trabalho em conjunto das pol\u00edcias Militar e Civil do munic\u00edpio de Ros\u00e1rio do Catete vem fechando o cerco contra o tr\u00e1fico de drogas na regi\u00e3o. Na noite do domingo, 16, policiais militares lotados no munic\u00edpio prenderam, em flagrante, um homem portando maconha. Segundo a pol\u00edcia, o preso \u00e9 reincidente no crime, tendo sido detido h\u00e1 dois meses em Aracaju por conta do tr\u00e1fico.<\/p>\n<p style=\"text-align: justify;\">Em outra a\u00e7\u00e3o, desta vez com a participa\u00e7\u00e3o de policiais militares e agentes civis, foi cumprido um mandado de busca e apreens\u00e3o na casa de um homem que j\u00e1 respondia por tr\u00e1fico de drogas. Ele conseguiu fugir com a chegada dos policiais. No local foram encontrados crack, coca\u00edna, um rev\u00f3lver, uma escopeta, muni\u00e7\u00f5es, inclusive de calibre nove mil\u00edmetros.<\/p>\n<p style=\"text-align: justify;\">Ainda no munic\u00edpio, os militares apreenderam um adolescente que foi flagrado comercializando crack em via p\u00fablica. &#8220;Esses resultados s\u00f3 t\u00eam sido poss\u00edveis gra\u00e7as \u00e0 soma de esfor\u00e7os entre as pol\u00edcias Civil e Militar. Vamos intensificar, ainda mais, o combate ao tr\u00e1fico de drogas&#8221;, salientou o delegado Adelmo Pel\u00e1gio.<\/p>\n<p style=\"text-align: justify;\">Ascom\/SSP\/SE<\/p>\n","protected":false},"excerpt":{"rendered":"<p>&nbsp; O trabalho em conjunto das pol\u00edcias Militar e Civil do munic\u00edpio de Ros\u00e1rio do Catete vem fechando o cerco contra o tr\u00e1fico de drogas na regi\u00e3o. Na noite do domingo, 16, policiais militares lotados no munic\u00edpio prenderam, em flagrante, um homem portando maconha. Segundo a pol\u00edcia, o preso \u00e9 reincidente no crime, tendo sido [&hellip;]<\/p>\n","protected":false},"author":1,"featured_media":42279,"comment_status":"closed","ping_status":"closed","sticky":false,"template":"","format":"standard","meta":{"footnotes":""},"categories":[7],"tags":[],"class_list":{"0":"post-42278","1":"post","2":"type-post","3":"status-publish","4":"format-standard","5":"has-post-thumbnail","7":"category-policia"},"_links":{"self":[{"href":"https:\/\/senoticias.com.br\/se\/wp-json\/wp\/v2\/posts\/42278"}],"collection":[{"href":"https:\/\/senoticias.com.br\/se\/wp-json\/wp\/v2\/posts"}],"about":[{"href":"https:\/\/senoticias.com.br\/se\/wp-json\/wp\/v2\/types\/post"}],"author":[{"embeddable":true,"href":"https:\/\/senoticias.com.br\/se\/wp-json\/wp\/v2\/users\/1"}],"replies":[{"embeddable":true,"href":"https:\/\/senoticias.com.br\/se\/wp-json\/wp\/v2\/comments?post=42278"}],"version-history":[{"count":0,"href":"https:\/\/senoticias.com.br\/se\/wp-json\/wp\/v2\/posts\/42278\/revisions"}],"wp:featuredmedia":[{"embeddable":true,"href":"https:\/\/senoticias.com.br\/se\/wp-json\/wp\/v2\/media\/42279"}],"wp:attachment":[{"href":"https:\/\/senoticias.com.br\/se\/wp-json\/wp\/v2\/media?parent=42278"}],"wp:term":[{"taxonomy":"category","embeddable":true,"href":"https:\/\/senoticias.com.br\/se\/wp-json\/wp\/v2\/categories?post=42278"},{"taxonomy":"post_tag","embeddable":true,"href":"https:\/\/senoticias.com.br\/se\/wp-json\/wp\/v2\/tags?post=42278"}],"curies":[{"name":"wp","href":"https:\/\/api.w.org\/{rel}","templated":true}]}}