{"id":42276,"date":"2012-12-17T16:10:12","date_gmt":"2012-12-17T19:10:12","guid":{"rendered":"http:\/\/senoticias.com.br\/se\/?p=42276"},"modified":"2012-12-17T16:10:12","modified_gmt":"2012-12-17T19:10:12","slug":"cptran-registra-55-autos-de-infracao-em-laranjeiras-e-pacatuba","status":"publish","type":"post","link":"https:\/\/senoticias.com.br\/se\/cptran-registra-55-autos-de-infracao-em-laranjeiras-e-pacatuba\/","title":{"rendered":"CPTran registra 55 autos de infra\u00e7\u00e3o em Laranjeiras e Pacatuba"},"content":{"rendered":"<p>&nbsp;<\/p>\n<div id=\"attachment_42277\" style=\"width: 235px\" class=\"wp-caption alignleft\"><a href=\"http:\/\/senoticias.com.br\/se\/wp-content\/uploads\/2012\/12\/Tenente-mauela.jpg\"><img loading=\"lazy\" decoding=\"async\" aria-describedby=\"caption-attachment-42277\" class=\"size-full wp-image-42277\" title=\"Tenente mauela\" src=\"http:\/\/senoticias.com.br\/se\/wp-content\/uploads\/2012\/12\/Tenente-mauela.jpg\" alt=\"\" width=\"225\" height=\"169\" srcset=\"https:\/\/senoticias.com.br\/se\/wp-content\/uploads\/2012\/12\/Tenente-mauela.jpg 225w, https:\/\/senoticias.com.br\/se\/wp-content\/uploads\/2012\/12\/Tenente-mauela-60x45.jpg 60w, https:\/\/senoticias.com.br\/se\/wp-content\/uploads\/2012\/12\/Tenente-mauela-150x113.jpg 150w\" sizes=\"(max-width: 225px) 100vw, 225px\" \/><\/a><p id=\"caption-attachment-42277\" class=\"wp-caption-text\">Tenente Manuela comandou os trabalhos (Foto: Arquivo Portal Infonet)<\/p><\/div>\n<p style=\"text-align: justify;\">A Pol\u00edcia Militar, atrav\u00e9s da Companhia de Pol\u00edcia de Tr\u00e2nsito (CPTran), realizou na quinta-feira, 13, e sexta-feira, 14, a opera\u00e7\u00e3o \u00c1guia nas cidades de Pacatuba e Laranjeiras.<\/p>\n<p style=\"text-align: justify;\">Como resultado, a a\u00e7\u00e3o no primeiro munic\u00edpio apontou a confec\u00e7\u00e3o de 31 autos de infra\u00e7\u00e3o, 11 ve\u00edculos removidos ao p\u00e1tio do Departamento Estadual de Tr\u00e2nsito de Sergipe (Detran), apreens\u00e3o de 10 Certificados de Registro e Licenciamento de Ve\u00edculo (CRLVs) e apreens\u00e3o de duas Carteiras Nacionais de Habilita\u00e7\u00e3o (CNHs).<\/p>\n<p style=\"text-align: justify;\">Em Laranjeiras, no dia seguinte, foram confeccionados 24 autos de infra\u00e7\u00e3o, 10 remo\u00e7\u00f5es de ve\u00edculos ao p\u00e1tio do Detran, apreens\u00f5es de 10 CRLVs e tr\u00eas CNHs. As duas opera\u00e7\u00f5es foram comandadas pelo aspirante Guedes.<\/p>\n<p style=\"text-align: justify;\">Nesta segunda-feira, 17, a opera\u00e7\u00e3o \u00c1guia est\u00e1 sendo realizada na cidade de Boquim, com o mesmo objetivo de fiscalizar as diversas irregularidades de tr\u00e2nsito.<\/p>\n<p style=\"text-align: justify;\">\u00a0PM\/SE<\/p>\n","protected":false},"excerpt":{"rendered":"<p>&nbsp; A Pol\u00edcia Militar, atrav\u00e9s da Companhia de Pol\u00edcia de Tr\u00e2nsito (CPTran), realizou na quinta-feira, 13, e sexta-feira, 14, a opera\u00e7\u00e3o \u00c1guia nas cidades de Pacatuba e Laranjeiras. Como resultado, a a\u00e7\u00e3o no primeiro munic\u00edpio apontou a confec\u00e7\u00e3o de 31 autos de infra\u00e7\u00e3o, 11 ve\u00edculos removidos ao p\u00e1tio do Departamento Estadual de Tr\u00e2nsito de Sergipe [&hellip;]<\/p>\n","protected":false},"author":1,"featured_media":42277,"comment_status":"closed","ping_status":"closed","sticky":false,"template":"","format":"standard","meta":{"footnotes":""},"categories":[7],"tags":[],"class_list":{"0":"post-42276","1":"post","2":"type-post","3":"status-publish","4":"format-standard","5":"has-post-thumbnail","7":"category-policia"},"_links":{"self":[{"href":"https:\/\/senoticias.com.br\/se\/wp-json\/wp\/v2\/posts\/42276"}],"collection":[{"href":"https:\/\/senoticias.com.br\/se\/wp-json\/wp\/v2\/posts"}],"about":[{"href":"https:\/\/senoticias.com.br\/se\/wp-json\/wp\/v2\/types\/post"}],"author":[{"embeddable":true,"href":"https:\/\/senoticias.com.br\/se\/wp-json\/wp\/v2\/users\/1"}],"replies":[{"embeddable":true,"href":"https:\/\/senoticias.com.br\/se\/wp-json\/wp\/v2\/comments?post=42276"}],"version-history":[{"count":0,"href":"https:\/\/senoticias.com.br\/se\/wp-json\/wp\/v2\/posts\/42276\/revisions"}],"wp:featuredmedia":[{"embeddable":true,"href":"https:\/\/senoticias.com.br\/se\/wp-json\/wp\/v2\/media\/42277"}],"wp:attachment":[{"href":"https:\/\/senoticias.com.br\/se\/wp-json\/wp\/v2\/media?parent=42276"}],"wp:term":[{"taxonomy":"category","embeddable":true,"href":"https:\/\/senoticias.com.br\/se\/wp-json\/wp\/v2\/categories?post=42276"},{"taxonomy":"post_tag","embeddable":true,"href":"https:\/\/senoticias.com.br\/se\/wp-json\/wp\/v2\/tags?post=42276"}],"curies":[{"name":"wp","href":"https:\/\/api.w.org\/{rel}","templated":true}]}}