{"id":42268,"date":"2012-12-17T13:37:15","date_gmt":"2012-12-17T16:37:15","guid":{"rendered":"http:\/\/senoticias.com.br\/se\/?p=42268"},"modified":"2012-12-17T13:47:28","modified_gmt":"2012-12-17T16:47:28","slug":"presos-fogem-da-delegacia-de-carmopoliss","status":"publish","type":"post","link":"https:\/\/senoticias.com.br\/se\/presos-fogem-da-delegacia-de-carmopoliss\/","title":{"rendered":"Presos fogem da Delegacia de Carm\u00f3polis"},"content":{"rendered":"<p style=\"text-align: justify;\">A fuga aconteceu por volta das 2h30 deste domingo, 16, mas, s\u00f3 foi percebida ao amanhecer pelo \u00fanico PM que estava de plant\u00e3o. Os presos escaparam pela lage do 3\u00ba xadrez da delegacia de Carm\u00f3polis.<\/p>\n<p style=\"text-align: justify;\">Uma equipe do Instituto de Criminal\u00edstica foi acionada para fazer os primeiros levantamentos e com base em informa\u00e7\u00f5es preliminares, o mais prov\u00e1vel \u00e9 que os internos j\u00e1 viessem for\u00e7ando a estrutura a muito tempo. As informa\u00e7\u00f5es foram passadas pelo rep\u00f3rter Cl\u00e1udio Salviano no programa &#8220;Liberdade Sem Censura&#8221; da Liberdade FM(99,7) e Ouro Negro Fm(94,3). Ao todo, 6 dos 13 presos que estavam custodiados conseguiram fugir.<\/p>\n<p><strong>Confira a lista dos fugitivos:<\/strong><\/p>\n<p>JO\u00c3O BATISTA CORREIA, DE N. S. DAS DORES;<br \/>\nALAN ALVES DA SILVA, DE LARANJEIRAS;<br \/>\nJOS\u00c9 FERREIRA DOS ANJOS, DE SIRIRI;<br \/>\nJOS\u00c9 DENILSON DE JESUS SANTOS, DE N. S. DAS DORES<br \/>\nJACKSON PAIVA DA CONCEI\u00c7\u00c3O, DE CARM\u00d3POLIS.<br \/>\nWANDERSON SANTOS ARA\u00daJO(origem n\u00e3o confirmada)<\/p>\n<p><span style=\"color: #333333;\"><strong>Informa\u00e7\u00f5es do Blog Evenilson Fatos e fotos<\/strong><\/span><\/p>\n","protected":false},"excerpt":{"rendered":"<p>A fuga aconteceu por volta das 2h30 deste domingo, 16, mas, s\u00f3 foi percebida ao amanhecer pelo \u00fanico PM que estava de plant\u00e3o. Os presos escaparam pela lage do 3\u00ba xadrez da delegacia de Carm\u00f3polis. Uma equipe do Instituto de Criminal\u00edstica foi acionada para fazer os primeiros levantamentos e com base em informa\u00e7\u00f5es preliminares, o [&hellip;]<\/p>\n","protected":false},"author":1,"featured_media":0,"comment_status":"closed","ping_status":"closed","sticky":false,"template":"","format":"standard","meta":{"footnotes":""},"categories":[1],"tags":[],"class_list":{"0":"post-42268","1":"post","2":"type-post","3":"status-publish","4":"format-standard","6":"category-sem-categoria"},"_links":{"self":[{"href":"https:\/\/senoticias.com.br\/se\/wp-json\/wp\/v2\/posts\/42268"}],"collection":[{"href":"https:\/\/senoticias.com.br\/se\/wp-json\/wp\/v2\/posts"}],"about":[{"href":"https:\/\/senoticias.com.br\/se\/wp-json\/wp\/v2\/types\/post"}],"author":[{"embeddable":true,"href":"https:\/\/senoticias.com.br\/se\/wp-json\/wp\/v2\/users\/1"}],"replies":[{"embeddable":true,"href":"https:\/\/senoticias.com.br\/se\/wp-json\/wp\/v2\/comments?post=42268"}],"version-history":[{"count":0,"href":"https:\/\/senoticias.com.br\/se\/wp-json\/wp\/v2\/posts\/42268\/revisions"}],"wp:attachment":[{"href":"https:\/\/senoticias.com.br\/se\/wp-json\/wp\/v2\/media?parent=42268"}],"wp:term":[{"taxonomy":"category","embeddable":true,"href":"https:\/\/senoticias.com.br\/se\/wp-json\/wp\/v2\/categories?post=42268"},{"taxonomy":"post_tag","embeddable":true,"href":"https:\/\/senoticias.com.br\/se\/wp-json\/wp\/v2\/tags?post=42268"}],"curies":[{"name":"wp","href":"https:\/\/api.w.org\/{rel}","templated":true}]}}