{"id":42187,"date":"2012-12-14T10:17:48","date_gmt":"2012-12-14T13:17:48","guid":{"rendered":"http:\/\/senoticias.com.br\/se\/?p=42187"},"modified":"2013-05-18T12:56:05","modified_gmt":"2013-05-18T15:56:05","slug":"diretoria-do-hospital-de-sao-cristovao-e-recebida-em-audiencia-pelo-secretario-da-casa-civil","status":"publish","type":"post","link":"https:\/\/senoticias.com.br\/se\/diretoria-do-hospital-de-sao-cristovao-e-recebida-em-audiencia-pelo-secretario-da-casa-civil\/","title":{"rendered":"Diretoria do Hospital de S\u00e3o Crist\u00f3v\u00e3o \u00e9 recebida em audi\u00eancia pelo secret\u00e1rio da Casa Civil"},"content":{"rendered":"<div id=\"attachment_42189\" style=\"width: 310px\" class=\"wp-caption alignleft\"><a href=\"http:\/\/senoticias.com.br\/se\/wp-content\/uploads\/2012\/12\/67699_475579862484111_1319427192_n.jpg\"><img loading=\"lazy\" decoding=\"async\" aria-describedby=\"caption-attachment-42189\" class=\"size-medium wp-image-42189\" title=\"67699_475579862484111_1319427192_n\" src=\"http:\/\/senoticias.com.br\/se\/wp-content\/uploads\/2012\/12\/67699_475579862484111_1319427192_n-300x225.jpg\" alt=\"\" width=\"300\" height=\"225\" srcset=\"https:\/\/senoticias.com.br\/se\/wp-content\/uploads\/2012\/12\/67699_475579862484111_1319427192_n-300x225.jpg 300w, https:\/\/senoticias.com.br\/se\/wp-content\/uploads\/2012\/12\/67699_475579862484111_1319427192_n-342x256.jpg 342w, https:\/\/senoticias.com.br\/se\/wp-content\/uploads\/2012\/12\/67699_475579862484111_1319427192_n-60x45.jpg 60w, https:\/\/senoticias.com.br\/se\/wp-content\/uploads\/2012\/12\/67699_475579862484111_1319427192_n-150x113.jpg 150w, https:\/\/senoticias.com.br\/se\/wp-content\/uploads\/2012\/12\/67699_475579862484111_1319427192_n-269x201.jpg 269w, https:\/\/senoticias.com.br\/se\/wp-content\/uploads\/2012\/12\/67699_475579862484111_1319427192_n.jpg 672w\" sizes=\"(max-width: 300px) 100vw, 300px\" \/><\/a><p id=\"caption-attachment-42189\" class=\"wp-caption-text\">Diretoria do Hospital foi recebida pelo Presidente da Funda\u00e7\u00e3o Hospitalar de Sa\u00fade Marcelo Silveira.<\/p><\/div>\n<p style=\"text-align: justify;\">O presidente do Hospital e Maternidade Senhor dos Passos, Marcos Santana, foi recebido em audi\u00eancia nessa quarta feira, 12, pelo secret\u00e1rio Chefe da Casa Civil, Silvio Santos. Na pauta as medidas necess\u00e1rias para inaugura\u00e7\u00e3o e reabertura do Hospital. Marcos Santana foi acompanhado na audi\u00eancia pela diretora financeira, Magna Barroso e pelo Diretor Geral, Marcos Guilherme.<\/p>\n<p style=\"text-align: justify;\">Segundo Marcos Santana, a audi\u00eancia foi muito positiva visto que o secret\u00e1rio de Sa\u00fade, que a pouco tempo era o titular da pasta da Sa\u00fade, garantiu que o Governo do Estado continuar\u00e1 dando o apoio necess\u00e1rio para que a reabertura do hospital ocorra com a maior brevidade poss\u00edvel.<\/p>\n<p style=\"text-align: justify;\">\u201c\u00c9 poss\u00edvel que venhamos a ocupar, ainda que parcialmente, as instala\u00e7\u00f5es do novo pr\u00e9dio. A nossa inten\u00e7\u00e3o \u00e9 de transferir a emerg\u00eancia antes mesmo da inaugura\u00e7\u00e3o, tendo em vista que esta medida dar\u00e1 aos que procuram o hospital e aos funcion\u00e1rios, t\u00e9cnicos e profissionais da medicina melhores condi\u00e7\u00f5es de atendimento.\u201ddisse Marcos Santana.<\/p>\n<p style=\"text-align: justify;\">O Presidente do Hospital e Maternidade Senhor dos Passos continua na busca para que a casa de sa\u00fade tenha as condi\u00e7\u00f5es para o atendimento pleno das necessidades do povo de S\u00e3o Crist\u00f3v\u00e3o. Na quinta-feira Marcos Santana foi recebido em audi\u00eancia pelo presidente da Funda\u00e7\u00e3o Hospitalar de Sa\u00fade. Ele tamb\u00e9m j\u00e1 protocolou um pedido de audi\u00eancia com a secret\u00e1ria de Sa\u00fade do Estado de Sergipe.<\/p>\n<p style=\"text-align: justify;\">Marcos Santana foi empossado presidente do Conselho Administrativo do Hospital e Maternidade Senhor dos Passos, no s\u00e1bado, dia 07 de dezembro.<\/p>\n<p style=\"text-align: justify;\"><span style=\"color: #333333;\"><strong>Da Assessoria de Imprensa<\/strong><\/span><\/p>\n","protected":false},"excerpt":{"rendered":"<p>O presidente do Hospital e Maternidade Senhor dos Passos, Marcos Santana, foi recebido em audi\u00eancia nessa quarta feira, 12, pelo secret\u00e1rio Chefe da Casa Civil, Silvio Santos. Na pauta as medidas necess\u00e1rias para inaugura\u00e7\u00e3o e reabertura do Hospital. Marcos Santana foi acompanhado na audi\u00eancia pela diretora financeira, Magna Barroso e pelo Diretor Geral, Marcos Guilherme. [&hellip;]<\/p>\n","protected":false},"author":1,"featured_media":42189,"comment_status":"closed","ping_status":"closed","sticky":false,"template":"","format":"standard","meta":{"footnotes":""},"categories":[38,3,1],"tags":[],"class_list":{"0":"post-42187","1":"post","2":"type-post","3":"status-publish","4":"format-standard","5":"has-post-thumbnail","7":"category-municipios","8":"category-saocristovao","9":"category-sem-categoria"},"_links":{"self":[{"href":"https:\/\/senoticias.com.br\/se\/wp-json\/wp\/v2\/posts\/42187"}],"collection":[{"href":"https:\/\/senoticias.com.br\/se\/wp-json\/wp\/v2\/posts"}],"about":[{"href":"https:\/\/senoticias.com.br\/se\/wp-json\/wp\/v2\/types\/post"}],"author":[{"embeddable":true,"href":"https:\/\/senoticias.com.br\/se\/wp-json\/wp\/v2\/users\/1"}],"replies":[{"embeddable":true,"href":"https:\/\/senoticias.com.br\/se\/wp-json\/wp\/v2\/comments?post=42187"}],"version-history":[{"count":0,"href":"https:\/\/senoticias.com.br\/se\/wp-json\/wp\/v2\/posts\/42187\/revisions"}],"wp:featuredmedia":[{"embeddable":true,"href":"https:\/\/senoticias.com.br\/se\/wp-json\/wp\/v2\/media\/42189"}],"wp:attachment":[{"href":"https:\/\/senoticias.com.br\/se\/wp-json\/wp\/v2\/media?parent=42187"}],"wp:term":[{"taxonomy":"category","embeddable":true,"href":"https:\/\/senoticias.com.br\/se\/wp-json\/wp\/v2\/categories?post=42187"},{"taxonomy":"post_tag","embeddable":true,"href":"https:\/\/senoticias.com.br\/se\/wp-json\/wp\/v2\/tags?post=42187"}],"curies":[{"name":"wp","href":"https:\/\/api.w.org\/{rel}","templated":true}]}}