{"id":42178,"date":"2012-12-14T08:56:22","date_gmt":"2012-12-14T11:56:22","guid":{"rendered":"http:\/\/senoticias.com.br\/se\/?p=42178"},"modified":"2013-05-18T12:56:05","modified_gmt":"2013-05-18T15:56:05","slug":"mpfse-move-acao-para-preservar-a-praca-sao-francisco-em-sao-cristovao","status":"publish","type":"post","link":"https:\/\/senoticias.com.br\/se\/mpfse-move-acao-para-preservar-a-praca-sao-francisco-em-sao-cristovao\/","title":{"rendered":"MPF\/SE move a\u00e7\u00e3o para preservar a Pra\u00e7a S\u00e3o Francisco em S\u00e3o Crist\u00f3v\u00e3o"},"content":{"rendered":"<p style=\"text-align: justify;\"><strong>A\u00e7\u00e3o requer que Uni\u00e3o, Iphan e munic\u00edpio de S\u00e3o Crist\u00f3v\u00e3o realizem plano de circula\u00e7\u00e3o de ve\u00edculos na \u00e1rea tombada da cidade<\/strong><\/p>\n<div id=\"attachment_42181\" style=\"width: 310px\" class=\"wp-caption alignleft\"><a href=\"http:\/\/senoticias.com.br\/se\/wp-content\/uploads\/2012\/12\/20121207_115820.jpg\"><img loading=\"lazy\" decoding=\"async\" aria-describedby=\"caption-attachment-42181\" class=\"size-medium wp-image-42181\" title=\"20121207_115820\" src=\"http:\/\/senoticias.com.br\/se\/wp-content\/uploads\/2012\/12\/20121207_115820-300x225.jpg\" alt=\"\" width=\"300\" height=\"225\" srcset=\"https:\/\/senoticias.com.br\/se\/wp-content\/uploads\/2012\/12\/20121207_115820-300x225.jpg 300w, https:\/\/senoticias.com.br\/se\/wp-content\/uploads\/2012\/12\/20121207_115820-342x256.jpg 342w, https:\/\/senoticias.com.br\/se\/wp-content\/uploads\/2012\/12\/20121207_115820-60x45.jpg 60w, https:\/\/senoticias.com.br\/se\/wp-content\/uploads\/2012\/12\/20121207_115820-150x113.jpg 150w, https:\/\/senoticias.com.br\/se\/wp-content\/uploads\/2012\/12\/20121207_115820-269x201.jpg 269w, https:\/\/senoticias.com.br\/se\/wp-content\/uploads\/2012\/12\/20121207_115820.jpg 653w\" sizes=\"(max-width: 300px) 100vw, 300px\" \/><\/a><p id=\"caption-attachment-42181\" class=\"wp-caption-text\">Ve\u00edculos continuam circulando na Pra\u00e7a S\u00e3o Francisco. (Foto: SE Not\u00edcias)<\/p><\/div>\n<p style=\"text-align: justify;\">O Minist\u00e9rio P\u00fablico Federal (MPF) moveu uma a\u00e7\u00e3o com o objetivo de preservar o centro hist\u00f3rico do munic\u00edpio sergipano de S\u00e3o Crist\u00f3v\u00e3o. Nesta \u00e1rea est\u00e1 localizada a Pra\u00e7a S\u00e3o Francisco, um conjunto arquitet\u00f4nico considerado pela Unesco Patrim\u00f4nio da Humanidade. Al\u00e9m disso, toda a cidade \u00e9 tombada pelo Instituto do Patrim\u00f4nio Hist\u00f3rico e Art\u00edstico Nacional (Iphan).<\/p>\n<p style=\"text-align: justify;\">No processo, o MPF requer que a Uni\u00e3o, Iphan e o munic\u00edpio de S\u00e3o Crist\u00f3v\u00e3o sejam obrigados a executar as obras necess\u00e1rias para implementa\u00e7\u00e3o do plano de circula\u00e7\u00e3o de ve\u00edculos na \u00e1rea que abrange todo o conjunto arquitet\u00f4nico tombado. De acordo com o pr\u00f3prio Iphan afirma que o tr\u00e1fego de ve\u00edculos pesados, como \u00f4nibus e caminh\u00f5es, nas ruas do centro hist\u00f3rico causam preju\u00edzo \u00e0 conserva\u00e7\u00e3o dos im\u00f3veis. O tr\u00e1fego inadequado pode causar fissuras nas paredes de constru\u00e7\u00f5es feitas segundo um sistema tradicional, afetando um im\u00f3vel ou mesmo todo um casario.<\/p>\n<p style=\"text-align: justify;\">No processo, a procuradora da Rep\u00fablica L\u00edvia Nascimento Tin\u00f4co defende que a prote\u00e7\u00e3o integral do conjunto arquitet\u00f4nico do centro hist\u00f3rico de S\u00e3o Crist\u00f3v\u00e3o depende da adequa\u00e7\u00e3o do uso de seu entorno e da prote\u00e7\u00e3o contra os agentes externos de agress\u00e3o. Entretanto, at\u00e9 o momento, o munic\u00edpio de S\u00e3o Crist\u00f3v\u00e3o s\u00f3 garantiu a proibi\u00e7\u00e3o de circula\u00e7\u00e3o de carros sobre o piso da pra\u00e7a S\u00e3o Francisco e o acesso dificultado para motos.<\/p>\n<p style=\"text-align: justify;\">Desde 2006, um plano de circula\u00e7\u00e3o para a \u00e1rea vem sendo discutido entre o Iphan, \u00f3rg\u00e3os municipais e estaduais. O Instituto afirma que as obras para a implementa\u00e7\u00e3o do projeto custariam pouco mais de R$ 100 mil \u00e0 prefeitura, enquanto os custos de uma poss\u00edvel restaura\u00e7\u00e3o de im\u00f3veis que venham a ser danificados custariam muito mais.<\/p>\n<p style=\"text-align: justify;\"><strong>Patrim\u00f4nio \u2013<\/strong> S\u00e3o Crist\u00f3v\u00e3o, fundada em 1590, \u00e9 a quarta cidade mais antiga do pa\u00eds. Segundo o Iphan, o conjunto arquitet\u00f4nico de seu centro hist\u00f3rico \u00e9 a melhor representa\u00e7\u00e3o do Brasil sob o per\u00edodo da Uni\u00e3o Ib\u00e9rica, em que Portugal e Espanha compunham um s\u00f3 reino. A pra\u00e7a S\u00e3o Francisco, ali localizada, foi al\u00e7ada a Patrim\u00f4nio Cultural Mundial pela Unesco em 2010 e abriga um conjunto remanescente de edifica\u00e7\u00f5es coloniais relacionadas \u00e0 Ordem Franciscana da Igreja Cat\u00f3lica.<\/p>\n<p style=\"text-align: justify;\">Para a procuradora L\u00edvia Tin\u00f4co, esta a\u00e7\u00e3o, al\u00e9m do cunho protetivo, tem um car\u00e1ter pedag\u00f3gico, no sentido de coibir que outros munic\u00edpios que abrigam bens tombados deixem de promover as a\u00e7\u00f5es necess\u00e1rias para a conserva\u00e7\u00e3o\/prote\u00e7\u00e3o destes, estimulados pela conduta dos requeridos.<\/p>\n","protected":false},"excerpt":{"rendered":"<p>A\u00e7\u00e3o requer que Uni\u00e3o, Iphan e munic\u00edpio de S\u00e3o Crist\u00f3v\u00e3o realizem plano de circula\u00e7\u00e3o de ve\u00edculos na \u00e1rea tombada da cidade O Minist\u00e9rio P\u00fablico Federal (MPF) moveu uma a\u00e7\u00e3o com o objetivo de preservar o centro hist\u00f3rico do munic\u00edpio sergipano de S\u00e3o Crist\u00f3v\u00e3o. Nesta \u00e1rea est\u00e1 localizada a Pra\u00e7a S\u00e3o Francisco, um conjunto arquitet\u00f4nico considerado [&hellip;]<\/p>\n","protected":false},"author":1,"featured_media":42181,"comment_status":"closed","ping_status":"closed","sticky":false,"template":"","format":"standard","meta":{"footnotes":""},"categories":[15,38,3],"tags":[],"class_list":{"0":"post-42178","1":"post","2":"type-post","3":"status-publish","4":"format-standard","5":"has-post-thumbnail","7":"category-destaques","8":"category-municipios","9":"category-saocristovao"},"_links":{"self":[{"href":"https:\/\/senoticias.com.br\/se\/wp-json\/wp\/v2\/posts\/42178"}],"collection":[{"href":"https:\/\/senoticias.com.br\/se\/wp-json\/wp\/v2\/posts"}],"about":[{"href":"https:\/\/senoticias.com.br\/se\/wp-json\/wp\/v2\/types\/post"}],"author":[{"embeddable":true,"href":"https:\/\/senoticias.com.br\/se\/wp-json\/wp\/v2\/users\/1"}],"replies":[{"embeddable":true,"href":"https:\/\/senoticias.com.br\/se\/wp-json\/wp\/v2\/comments?post=42178"}],"version-history":[{"count":0,"href":"https:\/\/senoticias.com.br\/se\/wp-json\/wp\/v2\/posts\/42178\/revisions"}],"wp:featuredmedia":[{"embeddable":true,"href":"https:\/\/senoticias.com.br\/se\/wp-json\/wp\/v2\/media\/42181"}],"wp:attachment":[{"href":"https:\/\/senoticias.com.br\/se\/wp-json\/wp\/v2\/media?parent=42178"}],"wp:term":[{"taxonomy":"category","embeddable":true,"href":"https:\/\/senoticias.com.br\/se\/wp-json\/wp\/v2\/categories?post=42178"},{"taxonomy":"post_tag","embeddable":true,"href":"https:\/\/senoticias.com.br\/se\/wp-json\/wp\/v2\/tags?post=42178"}],"curies":[{"name":"wp","href":"https:\/\/api.w.org\/{rel}","templated":true}]}}