{"id":42176,"date":"2012-12-14T07:20:52","date_gmt":"2012-12-14T10:20:52","guid":{"rendered":"http:\/\/senoticias.com.br\/se\/?p=42176"},"modified":"2012-12-14T07:20:52","modified_gmt":"2012-12-14T10:20:52","slug":"apos-ser-diplomado-prefeito-eleito-de-boquim-e-cassado","status":"publish","type":"post","link":"https:\/\/senoticias.com.br\/se\/apos-ser-diplomado-prefeito-eleito-de-boquim-e-cassado\/","title":{"rendered":"Ap\u00f3s ser diplomado, prefeito eleito de Boquim \u00e9 cassado"},"content":{"rendered":"<p style=\"text-align: justify;\"><a href=\"  http:\/\/katiasantana.com.br\/home\/blog.php?id=8699 \" target=\"_blank\"><strong>Por K\u00e1tia Santana &#8211; Blog<\/strong><\/a><\/p>\n<p style=\"text-align: justify;\">O prefeito eleito de Boquim, Jean Carlos do Nascimento (PSD) e o seu vice, Cloves Trindade tiveram os diplomas cassados pelo juiz Roberto Alc\u00e2ntara de Oliveira, da 4\u00aa Zona Eleitoral.<\/p>\n<p style=\"text-align: justify;\">Acusados de compra de voto e abuso do poder econ\u00f4mico, eles foram denunciados pela coliga\u00e7\u00e3o encabe\u00e7ada pelo candidato advers\u00e1rio, Joel do Pastor; e pelo Minist\u00e9rio P\u00fablico Eleitoral.<\/p>\n<p style=\"text-align: justify;\">Com isso \u2013 se n\u00e3o houver decis\u00e3o contr\u00e1ria \u2013 eles ficam impedidos de comandarem o munic\u00edpio a partir de janeiro pr\u00f3ximo e haver\u00e1 um novo pleito. \u00c9 que Jean foi escolhido com mais de 50% dos votos v\u00e1lidos. O segundo colocado no processo foi Joel do Pastor (PR).<\/p>\n<p style=\"text-align: justify;\">Nas representa\u00e7\u00f5es impetradas foram anexadas grava\u00e7\u00f5es de uma suposta oferta de emprego a uma moradora identificada como Michele Amado dos Santos, al\u00e9m de R$ 150,00 em esp\u00e9cie, em troca de voto em favor do candidato. A pr\u00e1tica \u00e9 vedada pela Lei Eleitoral.<\/p>\n<p style=\"text-align: justify;\">No decorrer da den\u00fancia, a Michelle chegou a negar a informa\u00e7\u00e3o, mas a Justi\u00e7a entendeu que houve a oferta do benef\u00edcio e a promessa de emprego.<\/p>\n<p style=\"text-align: justify;\"><strong>Nota do SE Not\u00edcias:<\/strong> Jean foi diplomado na manh\u00e3 desta quarta-feira (13).<\/p>\n","protected":false},"excerpt":{"rendered":"<p>Por K\u00e1tia Santana &#8211; Blog O prefeito eleito de Boquim, Jean Carlos do Nascimento (PSD) e o seu vice, Cloves Trindade tiveram os diplomas cassados pelo juiz Roberto Alc\u00e2ntara de Oliveira, da 4\u00aa Zona Eleitoral. Acusados de compra de voto e abuso do poder econ\u00f4mico, eles foram denunciados pela coliga\u00e7\u00e3o encabe\u00e7ada pelo candidato advers\u00e1rio, Joel [&hellip;]<\/p>\n","protected":false},"author":1,"featured_media":0,"comment_status":"closed","ping_status":"closed","sticky":false,"template":"","format":"standard","meta":{"footnotes":""},"categories":[1],"tags":[],"class_list":{"0":"post-42176","1":"post","2":"type-post","3":"status-publish","4":"format-standard","6":"category-sem-categoria"},"_links":{"self":[{"href":"https:\/\/senoticias.com.br\/se\/wp-json\/wp\/v2\/posts\/42176"}],"collection":[{"href":"https:\/\/senoticias.com.br\/se\/wp-json\/wp\/v2\/posts"}],"about":[{"href":"https:\/\/senoticias.com.br\/se\/wp-json\/wp\/v2\/types\/post"}],"author":[{"embeddable":true,"href":"https:\/\/senoticias.com.br\/se\/wp-json\/wp\/v2\/users\/1"}],"replies":[{"embeddable":true,"href":"https:\/\/senoticias.com.br\/se\/wp-json\/wp\/v2\/comments?post=42176"}],"version-history":[{"count":0,"href":"https:\/\/senoticias.com.br\/se\/wp-json\/wp\/v2\/posts\/42176\/revisions"}],"wp:attachment":[{"href":"https:\/\/senoticias.com.br\/se\/wp-json\/wp\/v2\/media?parent=42176"}],"wp:term":[{"taxonomy":"category","embeddable":true,"href":"https:\/\/senoticias.com.br\/se\/wp-json\/wp\/v2\/categories?post=42176"},{"taxonomy":"post_tag","embeddable":true,"href":"https:\/\/senoticias.com.br\/se\/wp-json\/wp\/v2\/tags?post=42176"}],"curies":[{"name":"wp","href":"https:\/\/api.w.org\/{rel}","templated":true}]}}