{"id":42060,"date":"2012-12-11T07:43:04","date_gmt":"2012-12-11T10:43:04","guid":{"rendered":"http:\/\/senoticias.com.br\/se\/?p=42060"},"modified":"2012-12-11T07:43:04","modified_gmt":"2012-12-11T10:43:04","slug":"sukita-quer-o-seu-nome-e-o-de-suas-filhas-em-predios-publicos-de-capela","status":"publish","type":"post","link":"https:\/\/senoticias.com.br\/se\/sukita-quer-o-seu-nome-e-o-de-suas-filhas-em-predios-publicos-de-capela\/","title":{"rendered":"Sukita quer o seu nome e o de suas filhas em pr\u00e9dios p\u00fablicos de Capela"},"content":{"rendered":"<p>&nbsp;<\/p>\n<p><span style=\"color: #0000ff;\"><strong><a href=\" http:\/\/katiasantana.com.br\/home\/blog.php?id=8686\" target=\"_blank\">Do blog de K\u00e1tia Santana<\/a><\/strong><\/span><\/p>\n<p>&nbsp;<\/p>\n<div id=\"attachment_42061\" style=\"width: 310px\" class=\"wp-caption alignleft\"><a href=\"http:\/\/senoticias.com.br\/se\/wp-content\/uploads\/2012\/12\/Capela.jpg\"><img loading=\"lazy\" decoding=\"async\" aria-describedby=\"caption-attachment-42061\" class=\"size-medium wp-image-42061\" title=\"Capela\" src=\"http:\/\/senoticias.com.br\/se\/wp-content\/uploads\/2012\/12\/Capela-300x201.jpg\" alt=\"\" width=\"300\" height=\"201\" srcset=\"https:\/\/senoticias.com.br\/se\/wp-content\/uploads\/2012\/12\/Capela-300x201.jpg 300w, https:\/\/senoticias.com.br\/se\/wp-content\/uploads\/2012\/12\/Capela-342x229.jpg 342w, https:\/\/senoticias.com.br\/se\/wp-content\/uploads\/2012\/12\/Capela.jpg 600w\" sizes=\"(max-width: 300px) 100vw, 300px\" \/><\/a><p id=\"caption-attachment-42061\" class=\"wp-caption-text\">Sukita quer o seu nome e o de suas filhas em pr\u00e9dios p\u00fablicos de Capela. (Foto: Reprodu\u00e7\u00e3o)<\/p><\/div>\n<p style=\"text-align: justify;\">O prefeito de Capela, Manuel Messias Sukita (PSB) encerra o seu mandato no pr\u00f3ximo dia 31, mas quer deixar gravado a sua marca, pelo menos, nas estruturas p\u00fablicas do munic\u00edpio.<\/p>\n<p style=\"text-align: justify;\">Prova disso \u00e9 que no \u00faltimo dia 4, ele encaminhou \u00e0 C\u00e2mara Municipal tr\u00eas projetos que visam \u201cemprestar\u201d o seu nome e o das suas duas filhas, menores, para \u201cbatizar\u201d pr\u00e9dios p\u00fablicos.<\/p>\n<p style=\"text-align: justify;\">As mat\u00e9rias foram encaminhadas ao Parlamento e &#8211; como ainda conta com o apoio da maioria dos vereadores &#8211; pediu que fossem dispensados os interst\u00edcios regimentais para aprova\u00e7\u00e3o em car\u00e1ter de urg\u00eancia urgent\u00edssima.<\/p>\n<p style=\"text-align: justify;\">\u201cEssa \u00e9 uma homenagem a um ilustre capelense que soube honrar a sua terra, transformando-a em uma cidade amada e respeitada por todo o povo sergipano\u201d, justificou Sukita ao expor os motivos pelos quais prop\u00f4s o Projeto de Lei 16\/2012, que denomina \u201cPal\u00e1cio Municipal prefeito Manoel Sukita\u201d, o pr\u00e9dio localizado na Rua Coelho Campos, 1.201, no centro de Capela, onde funciona a Prefeitura.<\/p>\n<p style=\"text-align: justify;\">\u201cO homenageado exprimiu com gestos ser um ser (Sic) humano grandioso, rico em potencialidades e muito preocupado com o desenvolvimento de seu munic\u00edpio, trabalhando sempre com muito afinco para resolver as agruras que a vida sempre lhe impusera\u201d, completou o prefeito que, alheio ao princ\u00edpio da impessoalidade, contido no artigo 37 da Constitui\u00e7\u00e3o da Rep\u00fablica, ainda, decidiu colocar o nome das duas filhas: Vit\u00f3ria e Manuelle Sukita Mamlak Santos, em escolas localizadas, respectivamente, nos povoados Pedras e Cuminho.<\/p>\n<p style=\"text-align: justify;\">Na justifica\u00e7\u00e3o dos dois projetos, Sukita argumenta que \u201ca pedido da popula\u00e7\u00e3o\u201d, o Poder Executivo resolveu homenagear as \u201cjovens filhas da ilustre ex-secret\u00e1ria de educa\u00e7\u00e3o que teve relevantes servi\u00e7os prestados \u00e0 popula\u00e7\u00e3o capelense\u201d. \u201cIsso \u00e9 conversa dele. A ex-secret\u00e1ria \u00e9 a primeira-dama Silvany Mamlak, que j\u00e1 assumiu outras Secretarias\u201d, rebateu o vereador Jos\u00e9 Romildo Melo do Nascimento (PMDB).<\/p>\n<p style=\"text-align: justify;\">A pr\u00e1tica contraria o disposto na Lei 6.454\/77 e os pr\u00f3prios princ\u00edpios constitucionais, al\u00e9m da Resolu\u00e7\u00e3o 497\/2006, do Conselho da Justi\u00e7a Federal. \u201cVou amanh\u00e3 (hoje) mesmo instaurar procedimento administrativo e oficiar a C\u00e2mara e o chefe do Executivo para que possam prestar esclarecimentos acerca das proposituras\u201d, disse o promotor de Justi\u00e7a, Alexandre Albagli Oliveira.<\/p>\n","protected":false},"excerpt":{"rendered":"<p>&nbsp; Do blog de K\u00e1tia Santana &nbsp; O prefeito de Capela, Manuel Messias Sukita (PSB) encerra o seu mandato no pr\u00f3ximo dia 31, mas quer deixar gravado a sua marca, pelo menos, nas estruturas p\u00fablicas do munic\u00edpio. Prova disso \u00e9 que no \u00faltimo dia 4, ele encaminhou \u00e0 C\u00e2mara Municipal tr\u00eas projetos que visam \u201cemprestar\u201d [&hellip;]<\/p>\n","protected":false},"author":1,"featured_media":42061,"comment_status":"closed","ping_status":"closed","sticky":false,"template":"","format":"standard","meta":{"footnotes":""},"categories":[6],"tags":[],"class_list":{"0":"post-42060","1":"post","2":"type-post","3":"status-publish","4":"format-standard","5":"has-post-thumbnail","7":"category-politica"},"_links":{"self":[{"href":"https:\/\/senoticias.com.br\/se\/wp-json\/wp\/v2\/posts\/42060"}],"collection":[{"href":"https:\/\/senoticias.com.br\/se\/wp-json\/wp\/v2\/posts"}],"about":[{"href":"https:\/\/senoticias.com.br\/se\/wp-json\/wp\/v2\/types\/post"}],"author":[{"embeddable":true,"href":"https:\/\/senoticias.com.br\/se\/wp-json\/wp\/v2\/users\/1"}],"replies":[{"embeddable":true,"href":"https:\/\/senoticias.com.br\/se\/wp-json\/wp\/v2\/comments?post=42060"}],"version-history":[{"count":0,"href":"https:\/\/senoticias.com.br\/se\/wp-json\/wp\/v2\/posts\/42060\/revisions"}],"wp:featuredmedia":[{"embeddable":true,"href":"https:\/\/senoticias.com.br\/se\/wp-json\/wp\/v2\/media\/42061"}],"wp:attachment":[{"href":"https:\/\/senoticias.com.br\/se\/wp-json\/wp\/v2\/media?parent=42060"}],"wp:term":[{"taxonomy":"category","embeddable":true,"href":"https:\/\/senoticias.com.br\/se\/wp-json\/wp\/v2\/categories?post=42060"},{"taxonomy":"post_tag","embeddable":true,"href":"https:\/\/senoticias.com.br\/se\/wp-json\/wp\/v2\/tags?post=42060"}],"curies":[{"name":"wp","href":"https:\/\/api.w.org\/{rel}","templated":true}]}}