{"id":42056,"date":"2012-12-11T06:59:17","date_gmt":"2012-12-11T09:59:17","guid":{"rendered":"http:\/\/senoticias.com.br\/se\/?p=42056"},"modified":"2013-05-18T12:56:31","modified_gmt":"2013-05-18T15:56:31","slug":"marcos-santana-assume-o-comando-do-hospital-nosso-senhor-dos-passos","status":"publish","type":"post","link":"https:\/\/senoticias.com.br\/se\/marcos-santana-assume-o-comando-do-hospital-nosso-senhor-dos-passos\/","title":{"rendered":"Marcos Santana assume o comando do Hospital Nosso Senhor dos Passos"},"content":{"rendered":"<p>&nbsp;<\/p>\n<div id=\"attachment_42057\" style=\"width: 310px\" class=\"wp-caption alignleft\"><a href=\"http:\/\/senoticias.com.br\/se\/wp-content\/uploads\/2012\/12\/20121207_212214.jpg\"><img loading=\"lazy\" decoding=\"async\" aria-describedby=\"caption-attachment-42057\" class=\"size-medium wp-image-42057\" title=\"20121207_212214\" src=\"http:\/\/senoticias.com.br\/se\/wp-content\/uploads\/2012\/12\/20121207_212214-300x224.jpg\" alt=\"\" width=\"300\" height=\"224\" srcset=\"https:\/\/senoticias.com.br\/se\/wp-content\/uploads\/2012\/12\/20121207_212214-300x224.jpg 300w, https:\/\/senoticias.com.br\/se\/wp-content\/uploads\/2012\/12\/20121207_212214-342x256.jpg 342w, https:\/\/senoticias.com.br\/se\/wp-content\/uploads\/2012\/12\/20121207_212214-60x45.jpg 60w, https:\/\/senoticias.com.br\/se\/wp-content\/uploads\/2012\/12\/20121207_212214-150x113.jpg 150w, https:\/\/senoticias.com.br\/se\/wp-content\/uploads\/2012\/12\/20121207_212214-269x201.jpg 269w, https:\/\/senoticias.com.br\/se\/wp-content\/uploads\/2012\/12\/20121207_212214.jpg 555w\" sizes=\"(max-width: 300px) 100vw, 300px\" \/><\/a><p id=\"caption-attachment-42057\" class=\"wp-caption-text\">Marcos Santana assumiu a presid\u00eancia do Conselho Administrativo do Hospital Nosso Senhor dos Passos. (Foto: SE Not\u00edcias)<\/p><\/div>\n<p style=\"text-align: justify;\">O Hospital e Maternidade Nosso Senhor dos Passos tem nova dire\u00e7\u00e3o administrativa. No s\u00e1bado, 07 de dezembro, no Lar Imaculada Concei\u00e7\u00e3o, em S\u00e3o Crist\u00f3v\u00e3o, foram empossados os novos diretores da unidade hospitalar.<\/p>\n<p style=\"text-align: justify;\">O servidor p\u00fablico Marcos Antonio de Azevedo Santana assumiu a presid\u00eancia do Conselho Administrativo do Hospital Regional. Ele substitui Magna L\u00facia, que agora assumiu o controle das finan\u00e7as do hospital.<\/p>\n<p style=\"text-align: justify;\">Em seu discurso, o novo presidente destacou a hist\u00f3ria do hospital para a sa\u00fade p\u00fablica de S\u00e3o Crist\u00f3v\u00e3o e regi\u00e3o, al\u00e9m de abordar os desafios que ser\u00e3o enfrentados. Marcos tamb\u00e9m destacou o importante papel do Estado, atrav\u00e9s da Secretaria de Estado da Sa\u00fade, no projeto de reforma e amplia\u00e7\u00e3o do hospital.<\/p>\n<p style=\"text-align: justify;\">\u201cAssumir a presid\u00eancia de um hospital que tem mais de 64 anos de relevantes servi\u00e7os prestados a nossa querida S\u00e3o Crist\u00f3v\u00e3o, \u00e9 um desafio que encaro com muita responsabilidade. N\u00e3o posso deixar de registrar e agradecer o governo pela grande obra que realiza neste hospital. Depois de reinaugurado teremos um hospital amplo e confort\u00e1vel, fruto da parceria deste governo que muito se preocupou com a sa\u00fade do povo sancristivense. Vamos trabalhar incansavelmente para que o nosso hospital seja uma refer\u00eancia em atendimento, especialidades, e principalmente acolhimento aos mais necessitados\u201d, destacou.<\/p>\n<div id=\"attachment_42058\" style=\"width: 310px\" class=\"wp-caption alignleft\"><a href=\"http:\/\/senoticias.com.br\/se\/wp-content\/uploads\/2012\/12\/20121207_212207.jpg\"><img loading=\"lazy\" decoding=\"async\" aria-describedby=\"caption-attachment-42058\" class=\"size-medium wp-image-42058\" title=\"20121207_212207\" src=\"http:\/\/senoticias.com.br\/se\/wp-content\/uploads\/2012\/12\/20121207_212207-300x224.jpg\" alt=\"\" width=\"300\" height=\"224\" srcset=\"https:\/\/senoticias.com.br\/se\/wp-content\/uploads\/2012\/12\/20121207_212207-300x224.jpg 300w, https:\/\/senoticias.com.br\/se\/wp-content\/uploads\/2012\/12\/20121207_212207-342x256.jpg 342w, https:\/\/senoticias.com.br\/se\/wp-content\/uploads\/2012\/12\/20121207_212207-60x45.jpg 60w, https:\/\/senoticias.com.br\/se\/wp-content\/uploads\/2012\/12\/20121207_212207-150x113.jpg 150w, https:\/\/senoticias.com.br\/se\/wp-content\/uploads\/2012\/12\/20121207_212207-269x201.jpg 269w, https:\/\/senoticias.com.br\/se\/wp-content\/uploads\/2012\/12\/20121207_212207.jpg 555w\" sizes=\"(max-width: 300px) 100vw, 300px\" \/><\/a><p id=\"caption-attachment-42058\" class=\"wp-caption-text\">Al\u00e9m de funcion\u00e1rios do hospital e a comunidade local, v\u00e1rias autoridades estiveram presentes a solenidade de posse. (Foto: SE Not\u00edcias)<\/p><\/div>\n<p style=\"text-align: justify;\">Al\u00e9m de funcion\u00e1rios do hospital e a comunidade local, v\u00e1rias autoridades estiveram presentes a solenidade de posse, entre elas, Jo\u00e3o Lima, representante da Secretaria de Estado da Sa\u00fade, Telma Melo, representante do prefeito Alex Rocha, o presidente da C\u00e2mara Municipal, Paulo Roberto, os vereadores eleitos, Diego Prado, Gilson Eletricista, Cl\u00e1udio Chagas, Paulo Junior e Geverton da Sa\u00fade. O ex-deputado estadual professor Wanderl\u00ea tamb\u00e9m prestigiou a solenidade.<\/p>\n<p style=\"text-align: justify;\"><strong>A nova diretoria<\/strong><\/p>\n<p style=\"text-align: justify;\">Al\u00e9m de Marcos Santana na presid\u00eancia do Conselho Administrativo, foram empossados tamb\u00e9m o advogado Jo\u00e3o Sobral Garcez Sobrinho na Vice-Presid\u00eancia; Magna L\u00facia Cardoso Barroso (ex-presidente), na Tesouraria; Maria Jos\u00e9 Santana Rabelo de Morais, na Primeira Secretaria; Jos\u00e9 L\u00facio Batista Silva, na Segunda Tesouraria; Jo\u00e3o Batista Barroso, Jo\u00e3o Rosa da Silva e Paulo Roberto de Santana (atual presidente da C\u00e2mara Municipal), no Conselho Fiscal, e Erivaldo Mangueira Santos, na Supl\u00eancia do Conselho Fiscal.<\/p>\n<p style=\"text-align: justify;\"><span style=\"color: #333333;\"><strong>Da Reda\u00e7\u00e3o CajuNews\/SE Not\u00edcias<\/strong><\/span><\/p>\n","protected":false},"excerpt":{"rendered":"<p>&nbsp; O Hospital e Maternidade Nosso Senhor dos Passos tem nova dire\u00e7\u00e3o administrativa. No s\u00e1bado, 07 de dezembro, no Lar Imaculada Concei\u00e7\u00e3o, em S\u00e3o Crist\u00f3v\u00e3o, foram empossados os novos diretores da unidade hospitalar. O servidor p\u00fablico Marcos Antonio de Azevedo Santana assumiu a presid\u00eancia do Conselho Administrativo do Hospital Regional. Ele substitui Magna L\u00facia, que [&hellip;]<\/p>\n","protected":false},"author":1,"featured_media":42057,"comment_status":"closed","ping_status":"closed","sticky":false,"template":"","format":"standard","meta":{"footnotes":""},"categories":[38,3],"tags":[],"class_list":{"0":"post-42056","1":"post","2":"type-post","3":"status-publish","4":"format-standard","5":"has-post-thumbnail","7":"category-municipios","8":"category-saocristovao"},"_links":{"self":[{"href":"https:\/\/senoticias.com.br\/se\/wp-json\/wp\/v2\/posts\/42056"}],"collection":[{"href":"https:\/\/senoticias.com.br\/se\/wp-json\/wp\/v2\/posts"}],"about":[{"href":"https:\/\/senoticias.com.br\/se\/wp-json\/wp\/v2\/types\/post"}],"author":[{"embeddable":true,"href":"https:\/\/senoticias.com.br\/se\/wp-json\/wp\/v2\/users\/1"}],"replies":[{"embeddable":true,"href":"https:\/\/senoticias.com.br\/se\/wp-json\/wp\/v2\/comments?post=42056"}],"version-history":[{"count":0,"href":"https:\/\/senoticias.com.br\/se\/wp-json\/wp\/v2\/posts\/42056\/revisions"}],"wp:featuredmedia":[{"embeddable":true,"href":"https:\/\/senoticias.com.br\/se\/wp-json\/wp\/v2\/media\/42057"}],"wp:attachment":[{"href":"https:\/\/senoticias.com.br\/se\/wp-json\/wp\/v2\/media?parent=42056"}],"wp:term":[{"taxonomy":"category","embeddable":true,"href":"https:\/\/senoticias.com.br\/se\/wp-json\/wp\/v2\/categories?post=42056"},{"taxonomy":"post_tag","embeddable":true,"href":"https:\/\/senoticias.com.br\/se\/wp-json\/wp\/v2\/tags?post=42056"}],"curies":[{"name":"wp","href":"https:\/\/api.w.org\/{rel}","templated":true}]}}