{"id":42053,"date":"2012-12-10T18:37:15","date_gmt":"2012-12-10T21:37:15","guid":{"rendered":"http:\/\/senoticias.com.br\/se\/?p=42053"},"modified":"2013-05-18T12:56:31","modified_gmt":"2013-05-18T15:56:31","slug":"diplomacao-da-prefeita-eleita-de-sao-cristovao-acontece-nesta-terca-feira","status":"publish","type":"post","link":"https:\/\/senoticias.com.br\/se\/diplomacao-da-prefeita-eleita-de-sao-cristovao-acontece-nesta-terca-feira\/","title":{"rendered":"Diploma\u00e7\u00e3o da prefeita eleita de S\u00e3o Crist\u00f3v\u00e3o acontece nesta ter\u00e7a-feira"},"content":{"rendered":"<div id=\"attachment_40277\" style=\"width: 171px\" class=\"wp-caption alignleft\"><a href=\"http:\/\/senoticias.com.br\/se\/wp-content\/uploads\/2012\/10\/Rivanda-Farias.jpg\"><img loading=\"lazy\" decoding=\"async\" aria-describedby=\"caption-attachment-40277\" class=\"size-full wp-image-40277\" title=\"Rivanda Farias\" src=\"http:\/\/senoticias.com.br\/se\/wp-content\/uploads\/2012\/10\/Rivanda-Farias.jpg\" alt=\"\" width=\"161\" height=\"225\" \/><\/a><p id=\"caption-attachment-40277\" class=\"wp-caption-text\">Diploma\u00e7\u00e3o de Rivanda Farias acontece nesta ter\u00e7a-feira. (Foto: reprodu\u00e7\u00e3o)<\/p><\/div>\n<p style=\"text-align: justify;\"><span style=\"text-align: justify;\">A diploma\u00e7\u00e3o da Prefeita, vice-prefeito e vereadores eleitos na cidade de S\u00e3o Crist\u00f3v\u00e3o est\u00e1 marcada para amanh\u00e3 dia 11 de Dezembro. A cerim\u00f4nia acontece \u00e0s 10hs no F\u00f3rum Desembargador Gilson G\u00f3is Soares, Largo Joel Santos Costa &#8211; Rodovia Jo\u00e3o Bebe \u00c1gua &#8211; S\u00e3o Crist\u00f3v\u00e3o\/SE.<\/span><\/p>\n<p style=\"text-align: justify;\">Rivanda Farias de Oliveira e Jorj\u00e3o receber\u00e3o respectivamente os diplomas de prefeita e vice-prefeito. Para a C\u00e2mara Municipal os pr\u00f3ximos 15 parlamentares que recebem os diplomas s\u00e3o: Morgan Prado, (PDT), Paulo J\u00fanior (PSL), Tony da Academia (PSC), Vanderlan Correia (PMDB), Irm\u00e3o Gibson (PSC), Rege do Rosa Maria (PSDB), Dad\u00e1 (PRB), Jorge Lisboa (PDT), Cl\u00e1udio Chagas (PMDB), Evaldo (PSB), Gedalva Umbaub\u00e1 (PTC), Gilson Eletricista (PRB), Di\u00eago Prado (PRB), Michael Almeida (PTdoB) e Geverton da Sa\u00fade do (PSD).<\/p>\n<p style=\"text-align: justify;\">Prevista no artigo<strong> 215<\/strong> do C\u00f3digo Eleitoral, a diploma\u00e7\u00e3o \u00e9 considerada a \u00faltima etapa do processo eleitoral, que tem in\u00edcio com as conven\u00e7\u00f5es partid\u00e1rias, seguida pela fase do registro de candidaturas at\u00e9 a elei\u00e7\u00e3o. \u00c9 o ato formal, de compet\u00eancia da Justi\u00e7a Eleitoral, que torna apto para posse no cargo o candidato que se sagrou vencedor.<\/p>\n<p style=\"text-align: justify;\">Os diplomas foram confeccionados pelo TRE\/SE,(Tribunal Regional Eleitoral de Sergipe) e ser\u00e3o entregues pelo Dr\u00ba Manoel da Costa Neto, Juiz da 21\u00aa Zona Eleitoral que responde pelo munic\u00edpio de S\u00e3o Crist\u00f3v\u00e3o.<\/p>\n<p style=\"text-align: justify;\"><strong>Posse<\/strong><\/p>\n<p style=\"text-align: justify;\">A cerim\u00f4nia de posse acontece no dia 1\u00ba de janeiro de 2013, na C\u00e2mara de Vereadores em S\u00e3o Crist\u00f3v\u00e3o, onde tamb\u00e9m \u00e9 realizada a elei\u00e7\u00e3o da mesa diretora para o bi\u00eanio 2013\/ 2014.<\/p>\n<p style=\"text-align: justify;\">A partir do ato da diploma\u00e7\u00e3o come\u00e7a o prazo de tr\u00eas dias para a interposi\u00e7\u00e3o do recurso contra expedi\u00e7\u00e3o de diploma, cab\u00edvel nos casos previstos no artigo 262 do C\u00f3digo Eleitoral. Tamb\u00e9m come\u00e7a a partir da diploma\u00e7\u00e3o o prazo de 15 dias para a a\u00e7\u00e3o de impugna\u00e7\u00e3o do mandato eletivo, prevista no artigo 14, par\u00e1grafo 10 da Constitui\u00e7\u00e3o Federal.<\/p>\n<p style=\"text-align: justify;\"><strong>Reda\u00e7\u00e3o SE Not\u00edcias<\/strong><\/p>\n","protected":false},"excerpt":{"rendered":"<p>A diploma\u00e7\u00e3o da Prefeita, vice-prefeito e vereadores eleitos na cidade de S\u00e3o Crist\u00f3v\u00e3o est\u00e1 marcada para amanh\u00e3 dia 11 de Dezembro. A cerim\u00f4nia acontece \u00e0s 10hs no F\u00f3rum Desembargador Gilson G\u00f3is Soares, Largo Joel Santos Costa &#8211; Rodovia Jo\u00e3o Bebe \u00c1gua &#8211; S\u00e3o Crist\u00f3v\u00e3o\/SE. Rivanda Farias de Oliveira e Jorj\u00e3o receber\u00e3o respectivamente os diplomas de [&hellip;]<\/p>\n","protected":false},"author":1,"featured_media":40277,"comment_status":"closed","ping_status":"closed","sticky":false,"template":"","format":"standard","meta":{"footnotes":""},"categories":[38,6,3],"tags":[],"class_list":{"0":"post-42053","1":"post","2":"type-post","3":"status-publish","4":"format-standard","5":"has-post-thumbnail","7":"category-municipios","8":"category-politica","9":"category-saocristovao"},"_links":{"self":[{"href":"https:\/\/senoticias.com.br\/se\/wp-json\/wp\/v2\/posts\/42053"}],"collection":[{"href":"https:\/\/senoticias.com.br\/se\/wp-json\/wp\/v2\/posts"}],"about":[{"href":"https:\/\/senoticias.com.br\/se\/wp-json\/wp\/v2\/types\/post"}],"author":[{"embeddable":true,"href":"https:\/\/senoticias.com.br\/se\/wp-json\/wp\/v2\/users\/1"}],"replies":[{"embeddable":true,"href":"https:\/\/senoticias.com.br\/se\/wp-json\/wp\/v2\/comments?post=42053"}],"version-history":[{"count":0,"href":"https:\/\/senoticias.com.br\/se\/wp-json\/wp\/v2\/posts\/42053\/revisions"}],"wp:featuredmedia":[{"embeddable":true,"href":"https:\/\/senoticias.com.br\/se\/wp-json\/wp\/v2\/media\/40277"}],"wp:attachment":[{"href":"https:\/\/senoticias.com.br\/se\/wp-json\/wp\/v2\/media?parent=42053"}],"wp:term":[{"taxonomy":"category","embeddable":true,"href":"https:\/\/senoticias.com.br\/se\/wp-json\/wp\/v2\/categories?post=42053"},{"taxonomy":"post_tag","embeddable":true,"href":"https:\/\/senoticias.com.br\/se\/wp-json\/wp\/v2\/tags?post=42053"}],"curies":[{"name":"wp","href":"https:\/\/api.w.org\/{rel}","templated":true}]}}