{"id":42047,"date":"2012-12-10T17:00:03","date_gmt":"2012-12-10T20:00:03","guid":{"rendered":"http:\/\/senoticias.com.br\/se\/?p=42047"},"modified":"2012-12-12T06:20:48","modified_gmt":"2012-12-12T09:20:48","slug":"edvaldo-de-aracaju-regulamenta-profissao-de-auxiliares-de-taxista","status":"publish","type":"post","link":"https:\/\/senoticias.com.br\/se\/edvaldo-de-aracaju-regulamenta-profissao-de-auxiliares-de-taxista\/","title":{"rendered":"Prefeito de Aracaju regulamenta profiss\u00e3o de auxiliares de taxista"},"content":{"rendered":"<div id=\"attachment_42048\" style=\"width: 310px\" class=\"wp-caption alignleft\"><a href=\"http:\/\/senoticias.com.br\/se\/wp-content\/uploads\/2012\/12\/phpThumb_cache_www.aracaju.se_.gov_.br_src1b5907d6f01b3dd1460ddda885f9fe1a_par32df3178023bb7b71a84b9034b5fa75e_dat1355162572.jpeg\"><img loading=\"lazy\" decoding=\"async\" aria-describedby=\"caption-attachment-42048\" class=\"size-medium wp-image-42048\" title=\"Evaldo com os taxistas\" src=\"http:\/\/senoticias.com.br\/se\/wp-content\/uploads\/2012\/12\/phpThumb_cache_www.aracaju.se_.gov_.br_src1b5907d6f01b3dd1460ddda885f9fe1a_par32df3178023bb7b71a84b9034b5fa75e_dat1355162572-300x198.jpg\" alt=\"\" width=\"300\" height=\"198\" srcset=\"https:\/\/senoticias.com.br\/se\/wp-content\/uploads\/2012\/12\/phpThumb_cache_www.aracaju.se_.gov_.br_src1b5907d6f01b3dd1460ddda885f9fe1a_par32df3178023bb7b71a84b9034b5fa75e_dat1355162572-300x198.jpg 300w, https:\/\/senoticias.com.br\/se\/wp-content\/uploads\/2012\/12\/phpThumb_cache_www.aracaju.se_.gov_.br_src1b5907d6f01b3dd1460ddda885f9fe1a_par32df3178023bb7b71a84b9034b5fa75e_dat1355162572-342x226.jpg 342w, https:\/\/senoticias.com.br\/se\/wp-content\/uploads\/2012\/12\/phpThumb_cache_www.aracaju.se_.gov_.br_src1b5907d6f01b3dd1460ddda885f9fe1a_par32df3178023bb7b71a84b9034b5fa75e_dat1355162572.jpeg 750w\" sizes=\"(max-width: 300px) 100vw, 300px\" \/><\/a><p id=\"caption-attachment-42048\" class=\"wp-caption-text\">Edvaldo assinou o decreto de n\u00ba 4.161 que regulamenta o exerc\u00edcio da profiss\u00e3o de condutor auxiliar de t\u00e1xi. (Foto: C\u00e9sar de Oliveira)<\/p><\/div>\n<p style=\"text-align: justify;\">Na manh\u00e3 desta segunda-feira, 10, durante solenidade realizada no audit\u00f3rio da Superintend\u00eancia Municipal de Transportes e Tr\u00e2nsito (SMTT), o prefeito Edvaldo Nogueira assinou o decreto de n\u00ba 4.161 que regulamenta o exerc\u00edcio da profiss\u00e3o de condutor auxiliar de t\u00e1xi no munic\u00edpio de Aracaju. Com a assinatura do decreto, os auxiliares, tamb\u00e9m conhecidos como defensores, poder\u00e3o trabalhar em qualquer permiss\u00e3o (t\u00e1xi) do Munic\u00edpio com uma \u00fanica carteira.<\/p>\n<p style=\"text-align: justify;\">&#8220;Estamos atendendo hoje a uma antiga reivindica\u00e7\u00e3o. N\u00f3s estudamos bastante a quest\u00e3o para encontrarmos a melhor forma de realizar esse sonho dos defensores. Antes era preciso tirar uma carteira para cada t\u00e1xi que eles dirigiam e agora, com essa mudan\u00e7a que estamos fazendo, fica estabelecido que o defensor ter\u00e1 apenas uma carteira e poder\u00e1 trabalhar em quantos t\u00e1xis ele queira&#8221;, esclareceu o prefeito.<\/p>\n<p style=\"text-align: justify;\">Para o chefe do executivo municipal, a nova regra desburocratiza o trabalho dos auxiliares que prestam um servi\u00e7o de grande relev\u00e2ncia para a cidade. &#8220;Outro benef\u00edcio \u00e9 que eles poder\u00e3o ampliar a renda, j\u00e1 que poder\u00e3o trabalhar em diferentes t\u00e1xis. Agora no final do ano todos poder\u00e3o ganhar mais, tanto pela utiliza\u00e7\u00e3o da bandeira dois, como tamb\u00e9m pela regulamenta\u00e7\u00e3o, faturando mais para que possam ter um feliz natal&#8221;, disse Nogueira.<\/p>\n<p style=\"text-align: justify;\">Feliz com a assinatura do decreto, o presidente do Sindicato dos Taxistas, Manildo Ramos da Costa, agradeceu ao prefeito pela decis\u00e3o acertada. &#8220;\u00c9 de grande validade esse projeto para categoria, era uma luta antiga nossa e \u00e9 uma felicidade muito grande ver nossa reivindica\u00e7\u00e3o ser atendida na manh\u00e3 de hoje. Agora os auxiliares podem trabalhar em mais de um t\u00e1xi sem nenhum problema. Foi um grande presente de natal que recebemos&#8221;, comemorou o presidente.<\/p>\n<p style=\"text-align: justify;\"><strong>Presen\u00e7as<\/strong><\/p>\n<p style=\"text-align: justify;\">Al\u00e9m de representantes da categoria, tamb\u00e9m participaram da solenidade de assinatura do decreto de n\u00ba 4.161, que regulamenta o exerc\u00edcio da profiss\u00e3o de condutor auxiliar de t\u00e1xi, a Secret\u00e1ria Chefe de Gabinete, Fabiana Pinho; o Secret\u00e1rio Municipal da Assist\u00eancia Social, Bosco Rolemberg; o Secret\u00e1rio Adjunto da Comunica\u00e7\u00e3o Municipal, Elton Coelho; e o Superintendente de Tr\u00e2nsito de Aracaju, Ant\u00f4nio Fernando Nunes.<\/p>\n<p style=\"text-align: justify;\"><span style=\"color: #333333;\"><em><strong>Ag\u00eancia Aracaju de Not\u00edcias<\/strong><\/em><\/span><\/p>\n","protected":false},"excerpt":{"rendered":"<p>Na manh\u00e3 desta segunda-feira, 10, durante solenidade realizada no audit\u00f3rio da Superintend\u00eancia Municipal de Transportes e Tr\u00e2nsito (SMTT), o prefeito Edvaldo Nogueira assinou o decreto de n\u00ba 4.161 que regulamenta o exerc\u00edcio da profiss\u00e3o de condutor auxiliar de t\u00e1xi no munic\u00edpio de Aracaju. Com a assinatura do decreto, os auxiliares, tamb\u00e9m conhecidos como defensores, poder\u00e3o [&hellip;]<\/p>\n","protected":false},"author":1,"featured_media":42048,"comment_status":"closed","ping_status":"closed","sticky":false,"template":"","format":"standard","meta":{"footnotes":""},"categories":[310,6],"tags":[],"class_list":{"0":"post-42047","1":"post","2":"type-post","3":"status-publish","4":"format-standard","5":"has-post-thumbnail","7":"category-destaques-da-semana","8":"category-politica"},"_links":{"self":[{"href":"https:\/\/senoticias.com.br\/se\/wp-json\/wp\/v2\/posts\/42047"}],"collection":[{"href":"https:\/\/senoticias.com.br\/se\/wp-json\/wp\/v2\/posts"}],"about":[{"href":"https:\/\/senoticias.com.br\/se\/wp-json\/wp\/v2\/types\/post"}],"author":[{"embeddable":true,"href":"https:\/\/senoticias.com.br\/se\/wp-json\/wp\/v2\/users\/1"}],"replies":[{"embeddable":true,"href":"https:\/\/senoticias.com.br\/se\/wp-json\/wp\/v2\/comments?post=42047"}],"version-history":[{"count":0,"href":"https:\/\/senoticias.com.br\/se\/wp-json\/wp\/v2\/posts\/42047\/revisions"}],"wp:featuredmedia":[{"embeddable":true,"href":"https:\/\/senoticias.com.br\/se\/wp-json\/wp\/v2\/media\/42048"}],"wp:attachment":[{"href":"https:\/\/senoticias.com.br\/se\/wp-json\/wp\/v2\/media?parent=42047"}],"wp:term":[{"taxonomy":"category","embeddable":true,"href":"https:\/\/senoticias.com.br\/se\/wp-json\/wp\/v2\/categories?post=42047"},{"taxonomy":"post_tag","embeddable":true,"href":"https:\/\/senoticias.com.br\/se\/wp-json\/wp\/v2\/tags?post=42047"}],"curies":[{"name":"wp","href":"https:\/\/api.w.org\/{rel}","templated":true}]}}