{"id":42034,"date":"2012-12-10T12:52:11","date_gmt":"2012-12-10T15:52:11","guid":{"rendered":"http:\/\/senoticias.com.br\/se\/?p=42034"},"modified":"2012-12-10T12:52:11","modified_gmt":"2012-12-10T15:52:11","slug":"ifs-oferece-510-vagas-para-cursos-tecnicos-integrados-em-aracaju-lagarto-e-sao-cristovao","status":"publish","type":"post","link":"https:\/\/senoticias.com.br\/se\/ifs-oferece-510-vagas-para-cursos-tecnicos-integrados-em-aracaju-lagarto-e-sao-cristovao\/","title":{"rendered":"IFS oferece 510 vagas para cursos t\u00e9cnicos integrados em Aracaju, Lagarto e S\u00e3o Crist\u00f3v\u00e3o"},"content":{"rendered":"<p>&nbsp;<\/p>\n<div id=\"attachment_42035\" style=\"width: 269px\" class=\"wp-caption alignleft\"><a href=\"http:\/\/senoticias.com.br\/se\/wp-content\/uploads\/2012\/12\/CEFET.jpg\"><img loading=\"lazy\" decoding=\"async\" aria-describedby=\"caption-attachment-42035\" class=\"size-full wp-image-42035\" title=\"CEFET\" src=\"http:\/\/senoticias.com.br\/se\/wp-content\/uploads\/2012\/12\/CEFET.jpg\" alt=\"\" width=\"259\" height=\"194\" srcset=\"https:\/\/senoticias.com.br\/se\/wp-content\/uploads\/2012\/12\/CEFET.jpg 259w, https:\/\/senoticias.com.br\/se\/wp-content\/uploads\/2012\/12\/CEFET-60x45.jpg 60w, https:\/\/senoticias.com.br\/se\/wp-content\/uploads\/2012\/12\/CEFET-150x113.jpg 150w\" sizes=\"(max-width: 259px) 100vw, 259px\" \/><\/a><p id=\"caption-attachment-42035\" class=\"wp-caption-text\">IFS acaba de publicar os editais do Processo Seletivo 2013.1 (Foto: Reprodu\u00e7\u00e3o)<\/p><\/div>\n<p style=\"text-align: justify;\">O Instituto Federal de Sergipe (IFS) acaba de publicar os editais do Processo Seletivo 2013.1 para cursos t\u00e9cnicos de n\u00edvel m\u00e9dio integrados ao Ensino M\u00e9dio nos campi Aracaju, Lagarto e S\u00e3o Crist\u00f3v\u00e3o. Ao todo, est\u00e3o dispon\u00edveis 510 vagas, sendo 230 em Aracaju, 160 em S\u00e3o Crist\u00f3v\u00e3o e 120 em Lagarto.<\/p>\n<p style=\"text-align: justify;\">As inscri\u00e7\u00f5es estar\u00e3o abertas de 26 de dezembro a 11 de janeiro, atrav\u00e9s da internet ou presencialmente, em cada campus. A taxa de inscri\u00e7\u00e3o \u00e9 de R$ 20 e a solicita\u00e7\u00e3o de isen\u00e7\u00e3o pode ser feita at\u00e9 o dia 21 de dezembro.<\/p>\n<p style=\"text-align: justify;\"><strong>Vagas<\/strong><\/p>\n<p style=\"text-align: justify;\">No Campus Aracaju, h\u00e1 vagas dispon\u00edveis nos cursos t\u00e9cnicos integrados de Alimentos, Edifica\u00e7\u00f5es, Eletrot\u00e9cnica, Eletr\u00f4nica, Inform\u00e1tica e Qu\u00edmica. Para o Campus Lagarto, h\u00e1 vagas nos cursos de Edifica\u00e7\u00f5es, Eletromec\u00e2nica e Rede de Computadores. Em S\u00e3o Crist\u00f3v\u00e3o, est\u00e3o dispon\u00edveis vagas nos cursos de Agropecu\u00e1ria, Agroind\u00fastria e Manuten\u00e7\u00e3o e Suporte em Inform\u00e1tica.<\/p>\n<p style=\"text-align: justify;\">As provas ser\u00e3o realizadas no dia 3 de fevereiro de 2013. O resultado final ser\u00e1 divulgado no dia 15 do mesmo m\u00eas. As matr\u00edculas dos candidatos convocados na 1\u00aa chamada ser\u00e3o realizadas entre os dias 25 e 27 de mar\u00e7o.<\/p>\n<p style=\"text-align: justify;\"><strong>Datas importantes<\/strong><\/p>\n<p style=\"text-align: justify;\">Inscri\u00e7\u00f5es: 26\/12 a 11\/01\/2013<\/p>\n<p style=\"text-align: justify;\">Isen\u00e7\u00e3o: at\u00e9 21\/12<\/p>\n<p style=\"text-align: justify;\">Provas: 03\/02\/2013<\/p>\n<p style=\"text-align: justify;\">Resultado final: 15\/02\/2013<\/p>\n<p style=\"text-align: justify;\"><span style=\"color: #0000ff;\"><strong>Mais informa\u00e7\u00f5es: www.ifs.edu.br<\/strong><\/span><\/p>\n<p style=\"text-align: justify;\">Coordena\u00e7\u00e3o de Comunica\u00e7\u00e3o Social e Eventos (CCOM)<br \/>\nInstituto Federal de Sergipe (IFS)<\/p>\n","protected":false},"excerpt":{"rendered":"<p>&nbsp; O Instituto Federal de Sergipe (IFS) acaba de publicar os editais do Processo Seletivo 2013.1 para cursos t\u00e9cnicos de n\u00edvel m\u00e9dio integrados ao Ensino M\u00e9dio nos campi Aracaju, Lagarto e S\u00e3o Crist\u00f3v\u00e3o. Ao todo, est\u00e3o dispon\u00edveis 510 vagas, sendo 230 em Aracaju, 160 em S\u00e3o Crist\u00f3v\u00e3o e 120 em Lagarto. As inscri\u00e7\u00f5es estar\u00e3o abertas [&hellip;]<\/p>\n","protected":false},"author":1,"featured_media":42035,"comment_status":"closed","ping_status":"closed","sticky":false,"template":"","format":"standard","meta":{"footnotes":""},"categories":[310],"tags":[],"class_list":{"0":"post-42034","1":"post","2":"type-post","3":"status-publish","4":"format-standard","5":"has-post-thumbnail","7":"category-destaques-da-semana"},"_links":{"self":[{"href":"https:\/\/senoticias.com.br\/se\/wp-json\/wp\/v2\/posts\/42034"}],"collection":[{"href":"https:\/\/senoticias.com.br\/se\/wp-json\/wp\/v2\/posts"}],"about":[{"href":"https:\/\/senoticias.com.br\/se\/wp-json\/wp\/v2\/types\/post"}],"author":[{"embeddable":true,"href":"https:\/\/senoticias.com.br\/se\/wp-json\/wp\/v2\/users\/1"}],"replies":[{"embeddable":true,"href":"https:\/\/senoticias.com.br\/se\/wp-json\/wp\/v2\/comments?post=42034"}],"version-history":[{"count":0,"href":"https:\/\/senoticias.com.br\/se\/wp-json\/wp\/v2\/posts\/42034\/revisions"}],"wp:featuredmedia":[{"embeddable":true,"href":"https:\/\/senoticias.com.br\/se\/wp-json\/wp\/v2\/media\/42035"}],"wp:attachment":[{"href":"https:\/\/senoticias.com.br\/se\/wp-json\/wp\/v2\/media?parent=42034"}],"wp:term":[{"taxonomy":"category","embeddable":true,"href":"https:\/\/senoticias.com.br\/se\/wp-json\/wp\/v2\/categories?post=42034"},{"taxonomy":"post_tag","embeddable":true,"href":"https:\/\/senoticias.com.br\/se\/wp-json\/wp\/v2\/tags?post=42034"}],"curies":[{"name":"wp","href":"https:\/\/api.w.org\/{rel}","templated":true}]}}