{"id":42031,"date":"2012-12-10T12:42:19","date_gmt":"2012-12-10T15:42:19","guid":{"rendered":"http:\/\/senoticias.com.br\/se\/?p=42031"},"modified":"2012-12-10T12:42:19","modified_gmt":"2012-12-10T15:42:19","slug":"fames-promove-ciclo-de-palestras-para-prefeitos","status":"publish","type":"post","link":"https:\/\/senoticias.com.br\/se\/fames-promove-ciclo-de-palestras-para-prefeitos\/","title":{"rendered":"FAMES promove ciclo de palestras para prefeitos"},"content":{"rendered":"<p>&nbsp;<\/p>\n<div id=\"attachment_42032\" style=\"width: 132px\" class=\"wp-caption alignleft\"><a href=\"http:\/\/senoticias.com.br\/se\/wp-content\/uploads\/2012\/12\/Ivan.jpg\"><img loading=\"lazy\" decoding=\"async\" aria-describedby=\"caption-attachment-42032\" class=\"size-full wp-image-42032\" title=\"Ivan\" src=\"http:\/\/senoticias.com.br\/se\/wp-content\/uploads\/2012\/12\/Ivan.jpg\" alt=\"\" width=\"122\" height=\"166\" \/><\/a><p id=\"caption-attachment-42032\" class=\"wp-caption-text\">O presidente da FAMES destaca ainda a import\u00e2ncia da unidade dos gestores. (Foto: Empauta Comunica\u00e7\u00e3o)<\/p><\/div>\n<p style=\"text-align: justify;\">Nesta pr\u00f3xima quinta-feira (13), a Federa\u00e7\u00e3o dos Munic\u00edpios do Estado de Sergipe (FAMES) ir\u00e1 promover um ciclo de palestras para os atuais prefeitos e os eleitos, no Hotel Celi (Orla de Aracaju). Na oportunidade, ser\u00e3o debatidos temas de interesse dos gestores, a fim de orient\u00e1-los nas mais diversas \u00e1reas da administra\u00e7\u00e3o p\u00fablica.<\/p>\n<p style=\"text-align: justify;\">A primeira palestra ser\u00e1 ministrada por Weldman J\u00fanior, da Projetare, abordando \u201cNovas estrat\u00e9gias de planejamento, gest\u00e3o de contratos e capta\u00e7\u00e3o de recursos junto ao Governo Federal\u201d. Em seguida, Na\u00e9dja Rezende, do Instituto Laurear de Inclus\u00e3o Social, falar\u00e1 sobre \u201cEmpreendedorismo social e uma nova vis\u00e3o de neg\u00f3cios\u201d.<\/p>\n<p style=\"text-align: justify;\">O diretor t\u00e9cnico da CAT Contabilidade, Valmir dos Passos, far\u00e1 esclarecimentos sobre a Lei Complementar 131\/09 (Tempo Real), Lei Federal 12.527\/11 (acesso a informa\u00e7\u00f5es) e sobre as Portarias STN 828\/11 e 231\/12 (NBC), que tratam da Internacionaliza\u00e7\u00e3o da Contabilidade P\u00fablica. Encerrando o ciclo, o prefeito de Est\u00e2ncia e presidente da FAMES, Ivan Leite, ir\u00e1 detalhar as mobiliza\u00e7\u00f5es previstas e pautas priorit\u00e1rias municipalistas em 2013 no Congresso Nacional e Governo Federal.<\/p>\n<p style=\"text-align: justify;\">\u201cAl\u00e9m da confraterniza\u00e7\u00e3o pela passagem de 2012, teremos uma excelente oportunidade de trocar conhecimentos e informa\u00e7\u00f5es, a fim de buscar uma gest\u00e3o de qualidade, principalmente para aquelas que est\u00e3o iniciando em janeiro de 2013. Mais do que capacita\u00e7\u00e3o, nosso maior objetivo \u00e9 criar um canal de comunica\u00e7\u00e3o e troca de experi\u00eancia entre os prefeitos de Sergipe\u201d, frisa Ivan Leite.<\/p>\n<p style=\"text-align: justify;\">O presidente da FAMES destaca ainda a import\u00e2ncia da unidade dos gestores no fortalecimento do pacto federativo mais justo. \u201cEnquanto a concentra\u00e7\u00e3o da arrecada\u00e7\u00e3o dos impostos fica com o Governo Federal, a obriga\u00e7\u00e3o pela presta\u00e7\u00e3o da maioria dos servi\u00e7os p\u00fablicos \u00e9 dos munic\u00edpios. Precisamos equilibrar essa balan\u00e7a, e somente com a uni\u00e3o dos prefeitos \u00e9 que conseguiremos mudar essa situa\u00e7\u00e3o\u201d, relata o presidente da FAMES.<\/p>\n<p style=\"text-align: justify;\"><strong>Empauta Comunica\u00e7\u00e3o<\/strong><\/p>\n","protected":false},"excerpt":{"rendered":"<p>&nbsp; Nesta pr\u00f3xima quinta-feira (13), a Federa\u00e7\u00e3o dos Munic\u00edpios do Estado de Sergipe (FAMES) ir\u00e1 promover um ciclo de palestras para os atuais prefeitos e os eleitos, no Hotel Celi (Orla de Aracaju). Na oportunidade, ser\u00e3o debatidos temas de interesse dos gestores, a fim de orient\u00e1-los nas mais diversas \u00e1reas da administra\u00e7\u00e3o p\u00fablica. A primeira [&hellip;]<\/p>\n","protected":false},"author":1,"featured_media":42032,"comment_status":"closed","ping_status":"closed","sticky":false,"template":"","format":"standard","meta":{"footnotes":""},"categories":[6],"tags":[],"class_list":{"0":"post-42031","1":"post","2":"type-post","3":"status-publish","4":"format-standard","5":"has-post-thumbnail","7":"category-politica"},"_links":{"self":[{"href":"https:\/\/senoticias.com.br\/se\/wp-json\/wp\/v2\/posts\/42031"}],"collection":[{"href":"https:\/\/senoticias.com.br\/se\/wp-json\/wp\/v2\/posts"}],"about":[{"href":"https:\/\/senoticias.com.br\/se\/wp-json\/wp\/v2\/types\/post"}],"author":[{"embeddable":true,"href":"https:\/\/senoticias.com.br\/se\/wp-json\/wp\/v2\/users\/1"}],"replies":[{"embeddable":true,"href":"https:\/\/senoticias.com.br\/se\/wp-json\/wp\/v2\/comments?post=42031"}],"version-history":[{"count":0,"href":"https:\/\/senoticias.com.br\/se\/wp-json\/wp\/v2\/posts\/42031\/revisions"}],"wp:featuredmedia":[{"embeddable":true,"href":"https:\/\/senoticias.com.br\/se\/wp-json\/wp\/v2\/media\/42032"}],"wp:attachment":[{"href":"https:\/\/senoticias.com.br\/se\/wp-json\/wp\/v2\/media?parent=42031"}],"wp:term":[{"taxonomy":"category","embeddable":true,"href":"https:\/\/senoticias.com.br\/se\/wp-json\/wp\/v2\/categories?post=42031"},{"taxonomy":"post_tag","embeddable":true,"href":"https:\/\/senoticias.com.br\/se\/wp-json\/wp\/v2\/tags?post=42031"}],"curies":[{"name":"wp","href":"https:\/\/api.w.org\/{rel}","templated":true}]}}