{"id":42028,"date":"2012-12-10T12:33:31","date_gmt":"2012-12-10T15:33:31","guid":{"rendered":"http:\/\/senoticias.com.br\/se\/?p=42028"},"modified":"2012-12-11T15:26:23","modified_gmt":"2012-12-11T18:26:23","slug":"mpfse-processa-uniao-para-que-garanta-agua-potavel-aos-indios-xoco","status":"publish","type":"post","link":"https:\/\/senoticias.com.br\/se\/mpfse-processa-uniao-para-que-garanta-agua-potavel-aos-indios-xoco\/","title":{"rendered":"MPF\/SE processa Uni\u00e3o para que garanta \u00e1gua pot\u00e1vel aos \u00edndios Xoc\u00f3"},"content":{"rendered":"<p>&nbsp;<\/p>\n<p><span style=\"color: #333333;\"><strong>No Dia D da Sa\u00fade Ind\u00edgena, MPF em Sergipe requer implanta\u00e7\u00e3o de unidade de tratamento de \u00e1gua para aldeia<\/strong><\/span><\/p>\n<div id=\"attachment_34334\" style=\"width: 310px\" class=\"wp-caption alignleft\"><a href=\"http:\/\/senoticias.com.br\/se\/wp-content\/uploads\/2012\/06\/4447_Livia-Tinoco.jpg\"><img loading=\"lazy\" decoding=\"async\" aria-describedby=\"caption-attachment-34334\" class=\"size-medium wp-image-34334\" title=\"4447_Livia-Tinoco\" src=\"http:\/\/senoticias.com.br\/se\/wp-content\/uploads\/2012\/06\/4447_Livia-Tinoco-300x215.jpg\" alt=\"\" width=\"300\" height=\"215\" srcset=\"https:\/\/senoticias.com.br\/se\/wp-content\/uploads\/2012\/06\/4447_Livia-Tinoco-300x215.jpg 300w, https:\/\/senoticias.com.br\/se\/wp-content\/uploads\/2012\/06\/4447_Livia-Tinoco-342x245.jpg 342w, https:\/\/senoticias.com.br\/se\/wp-content\/uploads\/2012\/06\/4447_Livia-Tinoco-90x65.jpg 90w, https:\/\/senoticias.com.br\/se\/wp-content\/uploads\/2012\/06\/4447_Livia-Tinoco.jpg 448w\" sizes=\"(max-width: 300px) 100vw, 300px\" \/><\/a><p id=\"caption-attachment-34334\" class=\"wp-caption-text\">Procuradora L\u00edvia Nascimento . (Foto: Reprodu\u00e7\u00e3o)<\/p><\/div>\n<p style=\"text-align: justify;\">O Minist\u00e9rio P\u00fablico Federal em Sergipe (MPF\/SE) ajuizou hoje, 10 de dezembro, uma a\u00e7\u00e3o civil p\u00fablica requerendo que a Uni\u00e3o seja obrigada a garantir o abastecimento de \u00e1gua pot\u00e1vel \u00e0 comunidade ind\u00edgena Xoc\u00f3, residente na Ilha de S\u00e3o Pedro. Em todo o pa\u00eds, o MPF promove neste dia 10 de dezembro uma atua\u00e7\u00e3o conjunta para chamar a aten\u00e7\u00e3o ao Dia D da Sa\u00fade Ind\u00edgena.<\/p>\n<p style=\"text-align: justify;\">Em 2010, a Funda\u00e7\u00e3o Nacional de Sa\u00fade (Funasa) informou ao MPF que havia realizado uma licita\u00e7\u00e3o h\u00e1 tr\u00eas anos para a amplia\u00e7\u00e3o e otimiza\u00e7\u00e3o do sistema de abastecimento de \u00e1gua, incluindo a constru\u00e7\u00e3o de uma unidade de tratamento. Entretanto, a empresa vencedora da licita\u00e7\u00e3o n\u00e3o terminou a constru\u00e7\u00e3o, o contrato foi encerrado e as obras n\u00e3o foram conclu\u00eddas.<\/p>\n<p style=\"text-align: justify;\">Posteriormente, a Funasa informou que a pr\u00f3pria Funda\u00e7\u00e3o iria realizar as constru\u00e7\u00f5es e que havia recursos na programa\u00e7\u00e3o or\u00e7ament\u00e1ria de 2011 para tal, com previs\u00e3o de t\u00e9rmino da obra no primeiro semestre de 2012. Ao final desse prazo, o MPF novamente requisitou informa\u00e7\u00f5es \u00e0 Funasa sobre o andamento da constru\u00e7\u00e3o, esta respondeu que a execu\u00e7\u00e3o do projeto sequer havia sido contratada porque a demanda n\u00e3o fora inclu\u00edda como priorit\u00e1ria.<\/p>\n<p style=\"text-align: justify;\">No processo, a procuradora da Rep\u00fablica L\u00edvia Nascimento Tin\u00f4co lembra que o acesso \u00e0 \u00e1gua pot\u00e1vel est\u00e1 inexoravelmente ligado ao conceito de dignidade humana. \u201cA \u00e1gua e as instala\u00e7\u00f5es e servi\u00e7os de \u00e1gua devem estar ao alcance f\u00edsico de todos os indiv\u00edduos e devem ser prestados sem discrimina\u00e7\u00e3o, de forma digna, contemplando as necessidades b\u00e1sicas do ser humano\u201d, afirma no processo. Ela destaca ainda que os impactos da falta de saneamento b\u00e1sico na sa\u00fade s\u00e3o imensos, principalmente, para as crian\u00e7as que ficam mais sucet\u00edveis a contrair doen\u00e7as como febre tif\u00f3ide, diarreia, micoses de pele dentre outras.<\/p>\n<p style=\"text-align: justify;\">O MPF ainda ressalta que, embora a Uni\u00e3o tenha discricionariedade de decidir sobre a aplica\u00e7\u00e3o de seu or\u00e7amento, isto n\u00e3o pode servir de pretexto para sonega\u00e7\u00e3o de direitos sociais fundamentais, como o acesso \u00e0 sa\u00fade e saneamento b\u00e1sico, por exemplo.<\/p>\n<p style=\"text-align: justify;\"><strong>Uni\u00e3o \u2013<\/strong> A procuradora L\u00edvia Tin\u00f4co explica que a Funasa n\u00e3o est\u00e1 sendo processada porque, desde o in\u00edcio de 2012, a responsabilidade pela promo\u00e7\u00e3o e execu\u00e7\u00e3o de a\u00e7\u00f5es direcionadas \u00e0 sa\u00fade p\u00fablica dos povos ind\u00edgenas passou a ser da Secretaria Especial de Sa\u00fade Ind\u00edgena, \u00f3rg\u00e3o ligado ao Minist\u00e9rio da Sa\u00fade. Desta forma, cabe \u00e0 Uni\u00e3o garantir os recursos financeiros para a aten\u00e7\u00e3o \u00e0 sa\u00fade ind\u00edgena.<\/p>\n<p style=\"text-align: justify;\">Por isso, o MPF requer que a Justi\u00e7a Federal condene a Uni\u00e3o a, liminarmente, garantir o fornecimento de \u00e1gua pot\u00e1vel suficiente aos \u00edndios que vivem na comunidade Xoc\u00f3 da Ilha de S\u00e3o Pedro, sob pena de multa de R$ 5 mil, por dia de descumprimento. E, ao final da a\u00e7\u00e3o, que a Uni\u00e3o seja condenada a garantir or\u00e7amento para o ano seguinte \u00e0 condena\u00e7\u00e3o visando \u00e0 constru\u00e7\u00e3o da esta\u00e7\u00e3o de tratamento de \u00e1gua para aquela comunidade.<\/p>\n<p style=\"text-align: justify;\"><span style=\"color: #333333;\"><strong>Assessoria de Comunica\u00e7\u00e3o<\/strong><\/span><br \/>\n<span style=\"color: #333333;\"><strong>Minist\u00e9rio P\u00fablico Federal em Sergipe<\/strong><\/span><\/p>\n","protected":false},"excerpt":{"rendered":"<p>&nbsp; No Dia D da Sa\u00fade Ind\u00edgena, MPF em Sergipe requer implanta\u00e7\u00e3o de unidade de tratamento de \u00e1gua para aldeia O Minist\u00e9rio P\u00fablico Federal em Sergipe (MPF\/SE) ajuizou hoje, 10 de dezembro, uma a\u00e7\u00e3o civil p\u00fablica requerendo que a Uni\u00e3o seja obrigada a garantir o abastecimento de \u00e1gua pot\u00e1vel \u00e0 comunidade ind\u00edgena Xoc\u00f3, residente na [&hellip;]<\/p>\n","protected":false},"author":1,"featured_media":34334,"comment_status":"closed","ping_status":"closed","sticky":false,"template":"","format":"standard","meta":{"footnotes":""},"categories":[6],"tags":[],"class_list":{"0":"post-42028","1":"post","2":"type-post","3":"status-publish","4":"format-standard","5":"has-post-thumbnail","7":"category-politica"},"_links":{"self":[{"href":"https:\/\/senoticias.com.br\/se\/wp-json\/wp\/v2\/posts\/42028"}],"collection":[{"href":"https:\/\/senoticias.com.br\/se\/wp-json\/wp\/v2\/posts"}],"about":[{"href":"https:\/\/senoticias.com.br\/se\/wp-json\/wp\/v2\/types\/post"}],"author":[{"embeddable":true,"href":"https:\/\/senoticias.com.br\/se\/wp-json\/wp\/v2\/users\/1"}],"replies":[{"embeddable":true,"href":"https:\/\/senoticias.com.br\/se\/wp-json\/wp\/v2\/comments?post=42028"}],"version-history":[{"count":0,"href":"https:\/\/senoticias.com.br\/se\/wp-json\/wp\/v2\/posts\/42028\/revisions"}],"wp:featuredmedia":[{"embeddable":true,"href":"https:\/\/senoticias.com.br\/se\/wp-json\/wp\/v2\/media\/34334"}],"wp:attachment":[{"href":"https:\/\/senoticias.com.br\/se\/wp-json\/wp\/v2\/media?parent=42028"}],"wp:term":[{"taxonomy":"category","embeddable":true,"href":"https:\/\/senoticias.com.br\/se\/wp-json\/wp\/v2\/categories?post=42028"},{"taxonomy":"post_tag","embeddable":true,"href":"https:\/\/senoticias.com.br\/se\/wp-json\/wp\/v2\/tags?post=42028"}],"curies":[{"name":"wp","href":"https:\/\/api.w.org\/{rel}","templated":true}]}}