{"id":42024,"date":"2012-12-10T12:19:46","date_gmt":"2012-12-10T15:19:46","guid":{"rendered":"http:\/\/senoticias.com.br\/se\/?p=42024"},"modified":"2012-12-11T14:25:04","modified_gmt":"2012-12-11T17:25:04","slug":"carro-da-prefeitura-de-itaporanga-e-flagrado-estacionado-na-orla-em-frente-a-casa-de-show","status":"publish","type":"post","link":"https:\/\/senoticias.com.br\/se\/carro-da-prefeitura-de-itaporanga-e-flagrado-estacionado-na-orla-em-frente-a-casa-de-show\/","title":{"rendered":"Carro da Prefeitura de Itaporanga \u00e9 flagrado estacionado na Orla em frente \u00e0 casa de show"},"content":{"rendered":"<div id=\"attachment_42025\" style=\"width: 310px\" class=\"wp-caption alignleft\"><a href=\"http:\/\/senoticias.com.br\/se\/wp-content\/uploads\/2012\/12\/carro-1.jpg\"><img loading=\"lazy\" decoding=\"async\" aria-describedby=\"caption-attachment-42025\" class=\"size-medium wp-image-42025\" title=\"carro 1\" src=\"http:\/\/senoticias.com.br\/se\/wp-content\/uploads\/2012\/12\/carro-1-300x224.jpg\" alt=\"\" width=\"300\" height=\"224\" srcset=\"https:\/\/senoticias.com.br\/se\/wp-content\/uploads\/2012\/12\/carro-1-300x224.jpg 300w, https:\/\/senoticias.com.br\/se\/wp-content\/uploads\/2012\/12\/carro-1-60x45.jpg 60w, https:\/\/senoticias.com.br\/se\/wp-content\/uploads\/2012\/12\/carro-1-150x113.jpg 150w, https:\/\/senoticias.com.br\/se\/wp-content\/uploads\/2012\/12\/carro-1-269x201.jpg 269w, https:\/\/senoticias.com.br\/se\/wp-content\/uploads\/2012\/12\/carro-1.jpg 314w\" sizes=\"(max-width: 300px) 100vw, 300px\" \/><\/a><p id=\"caption-attachment-42025\" class=\"wp-caption-text\">Carro da Prefeitura de Itaporanga D&#39; Ajuda na Orla da Praia de Atalaia neste s\u00e1bado 08\/12. (Foto: leitor\/cortesia)<\/p><\/div>\n<p style=\"text-align: justify;\">Uma caminhonete S10 Chevrolet, de placa <strong>NVJ 9809<\/strong>, pertencente a Secretaria Municipal de Obras e Urbanismo de Itaporanga D\u2019Ajuda foi flagrada estacionada em frente ao Bar, Restaurante e Casa de Show Coqueiral, em Aracaju, no s\u00e1bado (08), por volta das 13h. O carro estava com os vidros fechados e sem motorista.<\/p>\n<p style=\"text-align: justify;\">A reportagem entrou em contato com a Secretaria de Obras para saber sobre a irregularidade e foi informada que o secret\u00e1rio Tarc\u00edsio Almeida estava em viagem para o munic\u00edpio de Lagarto.<\/p>\n<p style=\"text-align: justify;\">O Portal <strong>SE Not\u00edcias\/CajuNews<\/strong> est\u00e1 \u00e0 disposi\u00e7\u00e3o do secret\u00e1rio e do prefeito para eventual explica\u00e7\u00e3o sobre o flagrante,\u00a0mas continua a disposi\u00e7\u00e3o pelo e-mail senoticias@gmail.com para mais esclarecimentos sobre o caso.<\/p>\n<p style=\"text-align: justify;\"><span style=\"color: #333333;\"><strong>Reda\u00e7\u00e3o SE Not\u00edcias\/CajuNews<\/strong><\/span><\/p>\n<div id=\"attachment_42026\" style=\"width: 310px\" class=\"wp-caption alignleft\"><a href=\"http:\/\/senoticias.com.br\/se\/wp-content\/uploads\/2012\/12\/foto-1.jpg\"><img loading=\"lazy\" decoding=\"async\" aria-describedby=\"caption-attachment-42026\" class=\"size-medium wp-image-42026\" title=\"foto 1\" src=\"http:\/\/senoticias.com.br\/se\/wp-content\/uploads\/2012\/12\/foto-1-300x224.jpg\" alt=\"\" width=\"300\" height=\"224\" srcset=\"https:\/\/senoticias.com.br\/se\/wp-content\/uploads\/2012\/12\/foto-1-300x224.jpg 300w, https:\/\/senoticias.com.br\/se\/wp-content\/uploads\/2012\/12\/foto-1-342x256.jpg 342w, https:\/\/senoticias.com.br\/se\/wp-content\/uploads\/2012\/12\/foto-1-60x45.jpg 60w, https:\/\/senoticias.com.br\/se\/wp-content\/uploads\/2012\/12\/foto-1-150x113.jpg 150w, https:\/\/senoticias.com.br\/se\/wp-content\/uploads\/2012\/12\/foto-1-269x201.jpg 269w, https:\/\/senoticias.com.br\/se\/wp-content\/uploads\/2012\/12\/foto-1.jpg 448w\" sizes=\"(max-width: 300px) 100vw, 300px\" \/><\/a><p id=\"caption-attachment-42026\" class=\"wp-caption-text\">O utilit\u00e1rio, uma S10, de placa NVJ 9809\/SE, em frente ao Bar Coqueiral, na Orla.(Foto: leitor\/Cortesia)<\/p><\/div>\n","protected":false},"excerpt":{"rendered":"<p>Uma caminhonete S10 Chevrolet, de placa NVJ 9809, pertencente a Secretaria Municipal de Obras e Urbanismo de Itaporanga D\u2019Ajuda foi flagrada estacionada em frente ao Bar, Restaurante e Casa de Show Coqueiral, em Aracaju, no s\u00e1bado (08), por volta das 13h. O carro estava com os vidros fechados e sem motorista. A reportagem entrou em [&hellip;]<\/p>\n","protected":false},"author":1,"featured_media":42025,"comment_status":"closed","ping_status":"closed","sticky":false,"template":"","format":"standard","meta":{"footnotes":""},"categories":[310],"tags":[],"class_list":{"0":"post-42024","1":"post","2":"type-post","3":"status-publish","4":"format-standard","5":"has-post-thumbnail","7":"category-destaques-da-semana"},"_links":{"self":[{"href":"https:\/\/senoticias.com.br\/se\/wp-json\/wp\/v2\/posts\/42024"}],"collection":[{"href":"https:\/\/senoticias.com.br\/se\/wp-json\/wp\/v2\/posts"}],"about":[{"href":"https:\/\/senoticias.com.br\/se\/wp-json\/wp\/v2\/types\/post"}],"author":[{"embeddable":true,"href":"https:\/\/senoticias.com.br\/se\/wp-json\/wp\/v2\/users\/1"}],"replies":[{"embeddable":true,"href":"https:\/\/senoticias.com.br\/se\/wp-json\/wp\/v2\/comments?post=42024"}],"version-history":[{"count":0,"href":"https:\/\/senoticias.com.br\/se\/wp-json\/wp\/v2\/posts\/42024\/revisions"}],"wp:featuredmedia":[{"embeddable":true,"href":"https:\/\/senoticias.com.br\/se\/wp-json\/wp\/v2\/media\/42025"}],"wp:attachment":[{"href":"https:\/\/senoticias.com.br\/se\/wp-json\/wp\/v2\/media?parent=42024"}],"wp:term":[{"taxonomy":"category","embeddable":true,"href":"https:\/\/senoticias.com.br\/se\/wp-json\/wp\/v2\/categories?post=42024"},{"taxonomy":"post_tag","embeddable":true,"href":"https:\/\/senoticias.com.br\/se\/wp-json\/wp\/v2\/tags?post=42024"}],"curies":[{"name":"wp","href":"https:\/\/api.w.org\/{rel}","templated":true}]}}