{"id":42021,"date":"2012-12-10T09:47:03","date_gmt":"2012-12-10T12:47:03","guid":{"rendered":"http:\/\/senoticias.com.br\/se\/?p=42021"},"modified":"2012-12-10T09:47:03","modified_gmt":"2012-12-10T12:47:03","slug":"motociclista-morre-na-br-235-em-acidente-com-veiculo-de-duas-rodas","status":"publish","type":"post","link":"https:\/\/senoticias.com.br\/se\/motociclista-morre-na-br-235-em-acidente-com-veiculo-de-duas-rodas\/","title":{"rendered":"Motociclista morre na BR-235 em acidente com ve\u00edculo de duas rodas"},"content":{"rendered":"<p>&nbsp;<\/p>\n<p style=\"text-align: justify;\"><a href=\"http:\/\/senoticias.com.br\/se\/wp-content\/uploads\/2012\/12\/motociclista_alagadico_p.jpg\"><img loading=\"lazy\" decoding=\"async\" class=\"alignleft size-full wp-image-42022\" title=\"Motociclista\" src=\"http:\/\/senoticias.com.br\/se\/wp-content\/uploads\/2012\/12\/motociclista_alagadico_p.jpg\" alt=\"\" width=\"154\" height=\"220\" \/><\/a>O jovem Valdemir dos Santos Bispo, 27 anos, retornava de uma festa de anivers\u00e1rio na cidade de Frei Paulo com destino ao povoado Alagadi\u00e7o, no mesmo munic\u00edpio, quando perdeu o controle da motocicleta em que conduzia e bateu no meio-fio da rodovia.<\/p>\n<p style=\"text-align: justify;\">O motociclista n\u00e3o utilizava capacete e acabou sofrendo graves les\u00f5es. Ele ainda foi socorrido e imediatamente levando para o Hospital Regional Dr. Pedro Garcia Moreno Filho, em Itabaiana (SE), mas n\u00e3o resistiu aos ferimentos.<\/p>\n<p style=\"text-align: justify;\">O acidente aconteceu no Km 73 da BR-235, entrada para o povoado Alagadi\u00e7o, por volta das 21 horas de domingo, dia 09.<\/p>\n<p style=\"text-align: justify;\"><span style=\"color: #333333;\"><strong>Gilson de Oliveira &#8211; Itnet<\/strong><\/span><\/p>\n","protected":false},"excerpt":{"rendered":"<p>&nbsp; O jovem Valdemir dos Santos Bispo, 27 anos, retornava de uma festa de anivers\u00e1rio na cidade de Frei Paulo com destino ao povoado Alagadi\u00e7o, no mesmo munic\u00edpio, quando perdeu o controle da motocicleta em que conduzia e bateu no meio-fio da rodovia. O motociclista n\u00e3o utilizava capacete e acabou sofrendo graves les\u00f5es. Ele ainda [&hellip;]<\/p>\n","protected":false},"author":1,"featured_media":42022,"comment_status":"closed","ping_status":"closed","sticky":false,"template":"","format":"standard","meta":{"footnotes":""},"categories":[7],"tags":[],"class_list":{"0":"post-42021","1":"post","2":"type-post","3":"status-publish","4":"format-standard","5":"has-post-thumbnail","7":"category-policia"},"_links":{"self":[{"href":"https:\/\/senoticias.com.br\/se\/wp-json\/wp\/v2\/posts\/42021"}],"collection":[{"href":"https:\/\/senoticias.com.br\/se\/wp-json\/wp\/v2\/posts"}],"about":[{"href":"https:\/\/senoticias.com.br\/se\/wp-json\/wp\/v2\/types\/post"}],"author":[{"embeddable":true,"href":"https:\/\/senoticias.com.br\/se\/wp-json\/wp\/v2\/users\/1"}],"replies":[{"embeddable":true,"href":"https:\/\/senoticias.com.br\/se\/wp-json\/wp\/v2\/comments?post=42021"}],"version-history":[{"count":0,"href":"https:\/\/senoticias.com.br\/se\/wp-json\/wp\/v2\/posts\/42021\/revisions"}],"wp:featuredmedia":[{"embeddable":true,"href":"https:\/\/senoticias.com.br\/se\/wp-json\/wp\/v2\/media\/42022"}],"wp:attachment":[{"href":"https:\/\/senoticias.com.br\/se\/wp-json\/wp\/v2\/media?parent=42021"}],"wp:term":[{"taxonomy":"category","embeddable":true,"href":"https:\/\/senoticias.com.br\/se\/wp-json\/wp\/v2\/categories?post=42021"},{"taxonomy":"post_tag","embeddable":true,"href":"https:\/\/senoticias.com.br\/se\/wp-json\/wp\/v2\/tags?post=42021"}],"curies":[{"name":"wp","href":"https:\/\/api.w.org\/{rel}","templated":true}]}}