{"id":42018,"date":"2012-12-10T06:52:03","date_gmt":"2012-12-10T09:52:03","guid":{"rendered":"http:\/\/senoticias.com.br\/se\/?p=42018"},"modified":"2012-12-10T16:59:53","modified_gmt":"2012-12-10T19:59:53","slug":"inscricoes-para-a-selecao-do-pre-universitario-comecam-hoje-2","status":"publish","type":"post","link":"https:\/\/senoticias.com.br\/se\/inscricoes-para-a-selecao-do-pre-universitario-comecam-hoje-2\/","title":{"rendered":"Inscri\u00e7\u00f5es para a sele\u00e7\u00e3o do Pr\u00e9-universit\u00e1rio come\u00e7am hoje"},"content":{"rendered":"<p>&nbsp;<\/p>\n<div id=\"attachment_42019\" style=\"width: 310px\" class=\"wp-caption alignleft\"><a href=\"http:\/\/senoticias.com.br\/se\/wp-content\/uploads\/2012\/12\/Seed.jpg\"><img loading=\"lazy\" decoding=\"async\" aria-describedby=\"caption-attachment-42019\" class=\"size-medium wp-image-42019\" title=\"Seed\" src=\"http:\/\/senoticias.com.br\/se\/wp-content\/uploads\/2012\/12\/Seed-300x225.jpg\" alt=\"\" width=\"300\" height=\"225\" srcset=\"https:\/\/senoticias.com.br\/se\/wp-content\/uploads\/2012\/12\/Seed-300x225.jpg 300w, https:\/\/senoticias.com.br\/se\/wp-content\/uploads\/2012\/12\/Seed-342x256.jpg 342w, https:\/\/senoticias.com.br\/se\/wp-content\/uploads\/2012\/12\/Seed-60x45.jpg 60w, https:\/\/senoticias.com.br\/se\/wp-content\/uploads\/2012\/12\/Seed-150x113.jpg 150w, https:\/\/senoticias.com.br\/se\/wp-content\/uploads\/2012\/12\/Seed-269x201.jpg 269w, https:\/\/senoticias.com.br\/se\/wp-content\/uploads\/2012\/12\/Seed.jpg 640w\" sizes=\"(max-width: 300px) 100vw, 300px\" \/><\/a><p id=\"caption-attachment-42019\" class=\"wp-caption-text\">Ser\u00e3o oferecidas, ao todo, 5.921 vagas. (Foto: Ascom\/Seed)<\/p><\/div>\n<p style=\"text-align: justify;\">Os alunos que quiserem cursar o Pr\u00e9-universit\u00e1rio da Secretaria de Estado da Educa\u00e7\u00e3o (Seed) poder\u00e3o fazer a inscri\u00e7\u00e3o para o Processo Seletivo a partir desta segunda-feira, 10. As inscri\u00e7\u00f5es dever\u00e3o ser feitas at\u00e9 o dia 21 de dezembro, nos polos em que funciona o Pr\u00e9-Universit\u00e1rio, e ser\u00e3o oferecidas, ao todo, 5.921 vagas.<\/p>\n<p style=\"text-align: justify;\">Para se inscrever, o candidato deve ser aluno egresso da rede p\u00fablica de ensino; estar matriculado no 2\u00ba ou 3\u00ba anos do ensino m\u00e9dio regular; na 3\u00aa ou 4\u00aa s\u00e9ries do ensino m\u00e9dio normal; e na 3\u00aa ou 4\u00aa etapas do EJAEM das escolas da rede p\u00fablica.<\/p>\n<p style=\"text-align: justify;\">Para efetuar a inscri\u00e7\u00e3o, o aluno egresso da escola p\u00fablica dever\u00e1 apresentar duas fotos 3&#215;4, al\u00e9m de original e c\u00f3pia do comprovante de resid\u00eancia, carteira de identidade, CPF e documento atestando que o candidato concluiu o ensino m\u00e9dio na rede p\u00fablica. Para os candidatos concluintes, ser\u00e1 necess\u00e1rio apresentar declara\u00e7\u00e3o atestando que em 2012 est\u00e1 regularmente matriculado nas s\u00e9ries ou etapas exigidas.<\/p>\n<p style=\"text-align: justify;\"><strong>Provas<\/strong><\/p>\n<p style=\"text-align: justify;\">As provas ser\u00e3o realizadas no dia 20 de janeiro, \u00e0s 9h. Segundo a diretora do Departamento de Apoio ao Sistema Educacional (DASE), Zelita Brito, as aulas dever\u00e3o ter in\u00edcio entre o final de janeiro e in\u00edcio de fevereiro. &#8220;Queremos dar in\u00edcio \u00e0s aulas o mais r\u00e1pido poss\u00edvel para que os alunos estejam preparados para o ENEM, que dever\u00e1 acontecer em outubro&#8221;, disse.<\/p>\n<p style=\"text-align: justify;\">Ela destacou a import\u00e2ncia do curso preparat\u00f3rio para os estudantes. &#8220;O Pr\u00e9-Universit\u00e1rio \u00e9 um aporte para que os alunos da rede p\u00fablica possam adquirir conhecimentos e habilidades para garantir o ingresso no n\u00edvel superior&#8221;, afirmou.<\/p>\n<p style=\"text-align: justify;\"><strong>Sucesso<\/strong><\/p>\n<p style=\"text-align: justify;\">O Pr\u00e9-Universit\u00e1rio tem garantido o sucesso dos alunos da rede p\u00fablica de ensino nos concursos vestibulares. No ano passado 3.733 estudantes foram aprovados nos vestibulares, sendo 2.703 deles na Universidade Federal de Sergipe.<\/p>\n<p style=\"text-align: justify;\">Ascom\/Seed<\/p>\n","protected":false},"excerpt":{"rendered":"<p>&nbsp; Os alunos que quiserem cursar o Pr\u00e9-universit\u00e1rio da Secretaria de Estado da Educa\u00e7\u00e3o (Seed) poder\u00e3o fazer a inscri\u00e7\u00e3o para o Processo Seletivo a partir desta segunda-feira, 10. As inscri\u00e7\u00f5es dever\u00e3o ser feitas at\u00e9 o dia 21 de dezembro, nos polos em que funciona o Pr\u00e9-Universit\u00e1rio, e ser\u00e3o oferecidas, ao todo, 5.921 vagas. Para se [&hellip;]<\/p>\n","protected":false},"author":1,"featured_media":42019,"comment_status":"closed","ping_status":"closed","sticky":false,"template":"","format":"standard","meta":{"footnotes":""},"categories":[44,26],"tags":[],"class_list":{"0":"post-42018","1":"post","2":"type-post","3":"status-publish","4":"format-standard","5":"has-post-thumbnail","7":"category-educacao","8":"category-esportes"},"_links":{"self":[{"href":"https:\/\/senoticias.com.br\/se\/wp-json\/wp\/v2\/posts\/42018"}],"collection":[{"href":"https:\/\/senoticias.com.br\/se\/wp-json\/wp\/v2\/posts"}],"about":[{"href":"https:\/\/senoticias.com.br\/se\/wp-json\/wp\/v2\/types\/post"}],"author":[{"embeddable":true,"href":"https:\/\/senoticias.com.br\/se\/wp-json\/wp\/v2\/users\/1"}],"replies":[{"embeddable":true,"href":"https:\/\/senoticias.com.br\/se\/wp-json\/wp\/v2\/comments?post=42018"}],"version-history":[{"count":0,"href":"https:\/\/senoticias.com.br\/se\/wp-json\/wp\/v2\/posts\/42018\/revisions"}],"wp:featuredmedia":[{"embeddable":true,"href":"https:\/\/senoticias.com.br\/se\/wp-json\/wp\/v2\/media\/42019"}],"wp:attachment":[{"href":"https:\/\/senoticias.com.br\/se\/wp-json\/wp\/v2\/media?parent=42018"}],"wp:term":[{"taxonomy":"category","embeddable":true,"href":"https:\/\/senoticias.com.br\/se\/wp-json\/wp\/v2\/categories?post=42018"},{"taxonomy":"post_tag","embeddable":true,"href":"https:\/\/senoticias.com.br\/se\/wp-json\/wp\/v2\/tags?post=42018"}],"curies":[{"name":"wp","href":"https:\/\/api.w.org\/{rel}","templated":true}]}}