{"id":42007,"date":"2012-12-09T14:46:40","date_gmt":"2012-12-09T17:46:40","guid":{"rendered":"http:\/\/senoticias.com.br\/se\/?p=42007"},"modified":"2012-12-09T14:51:49","modified_gmt":"2012-12-09T17:51:49","slug":"homem-e-perseguido-em-via-publica-invade-bar-e-morre-ao-ser-alvejado-com-diversos-tiros-em-itabaiana","status":"publish","type":"post","link":"https:\/\/senoticias.com.br\/se\/homem-e-perseguido-em-via-publica-invade-bar-e-morre-ao-ser-alvejado-com-diversos-tiros-em-itabaiana\/","title":{"rendered":"Homem \u00e9 perseguido em via p\u00fablica, invade bar e morre ao ser alvejado com diversos tiros em Itabaiana"},"content":{"rendered":"<p style=\"text-align: justify;\"><span style=\"text-align: justify;\"><a href=\"http:\/\/senoticias.com.br\/se\/wp-content\/uploads\/2012\/12\/tonhao_invasao.jpg\"><img loading=\"lazy\" decoding=\"async\" class=\"alignleft size-full wp-image-42008\" title=\"tonhao_invasao\" src=\"http:\/\/senoticias.com.br\/se\/wp-content\/uploads\/2012\/12\/tonhao_invasao.jpg\" alt=\"\" width=\"293\" height=\"220\" srcset=\"https:\/\/senoticias.com.br\/se\/wp-content\/uploads\/2012\/12\/tonhao_invasao.jpg 293w, https:\/\/senoticias.com.br\/se\/wp-content\/uploads\/2012\/12\/tonhao_invasao-60x45.jpg 60w, https:\/\/senoticias.com.br\/se\/wp-content\/uploads\/2012\/12\/tonhao_invasao-150x113.jpg 150w, https:\/\/senoticias.com.br\/se\/wp-content\/uploads\/2012\/12\/tonhao_invasao-269x201.jpg 269w\" sizes=\"(max-width: 293px) 100vw, 293px\" \/><\/a>A v\u00edtima era moradora do conjunto Jos\u00e9 Luiz da Concei\u00e7\u00e3o, bairro S\u00e3o Crist\u00f3v\u00e3o, na periferia de Itabaiana (SE), e foi identificada inicialmente apenas pela alcunha de &#8220;Tonh\u00e3o&#8221;.<\/span><\/p>\n<p style=\"text-align: justify;\">Ele estava em um ciclomotor da marca Shineray, modelo Phoenix, na companhia de um amigo quando foi surpreendido por homens que efetuaram diversos disparos.<\/p>\n<p style=\"text-align: justify;\">Na tentativa de se livrar da morte, ele abandonou o ve\u00edculo e saiu correndo e entrou em um bar nas proximidades, mesmo assim foi seguido e j\u00e1 no interior do estabelecimento foi alvejado v\u00e1rias vezes.<\/p>\n<p style=\"text-align: justify;\">Os tiros atingiram principalmente a testa e a cabe\u00e7a. J\u00e1 o acompanhante nada sofreu.<\/p>\n<p style=\"text-align: justify;\">Segundo informa\u00e7\u00f5es de populares, os criminosos estavam em um carro Nissan, modelo Frontier, de cor Preta.<\/p>\n<p style=\"text-align: justify;\"><a href=\"http:\/\/senoticias.com.br\/se\/wp-content\/uploads\/2012\/12\/tonhao_invasao_g7.jpg\"><img loading=\"lazy\" decoding=\"async\" class=\"alignleft size-medium wp-image-42009\" title=\"tonhao_invasao_g7\" src=\"http:\/\/senoticias.com.br\/se\/wp-content\/uploads\/2012\/12\/tonhao_invasao_g7-300x221.jpg\" alt=\"\" width=\"300\" height=\"221\" srcset=\"https:\/\/senoticias.com.br\/se\/wp-content\/uploads\/2012\/12\/tonhao_invasao_g7-300x221.jpg 300w, https:\/\/senoticias.com.br\/se\/wp-content\/uploads\/2012\/12\/tonhao_invasao_g7-342x253.jpg 342w, https:\/\/senoticias.com.br\/se\/wp-content\/uploads\/2012\/12\/tonhao_invasao_g7-60x45.jpg 60w, https:\/\/senoticias.com.br\/se\/wp-content\/uploads\/2012\/12\/tonhao_invasao_g7-90x65.jpg 90w, https:\/\/senoticias.com.br\/se\/wp-content\/uploads\/2012\/12\/tonhao_invasao_g7.jpg 811w\" sizes=\"(max-width: 300px) 100vw, 300px\" \/><\/a>O crime ocorreu as 20h30 na Rua Boanerges Pinheiro, centro da cidade, no momento em que acontecia o encerramento da prociss\u00e3o em louvor a Nossa Senhora da Concei\u00e7\u00e3o.<\/p>\n<p style=\"text-align: justify;\">Com a chegada de familiares a v\u00edtima foi identificada como Marcos Ant\u00f4nio de Souza, 22 anos, natural de Itabaiana, e de acordo com informa\u00e7\u00f5es levantadas pela pol\u00edcia, ele tinha passagens por crime de tr\u00e1fico de drogas.<\/p>\n<p style=\"text-align: justify;\">Apenas a Pol\u00edcia T\u00e9cnica do Instituto M\u00e9dico Legal Dr. Augusto Leite compareceu para recolher o corpo, uma vez que o Instituto de identifica\u00e7\u00e3o estava sem perito.<\/p>\n<p style=\"text-align: justify;\">Na cena do crime foram encontradas diversas c\u00e1psulas de muni\u00e7\u00f5es ponto 40 e 380 e com a v\u00edtima foi localizada uma escopeta calibre 28 sem muni\u00e7\u00f5es.<\/p>\n<p style=\"text-align: justify;\">A pol\u00edcia tamb\u00e9m constatou que &#8220;Tonh\u00e3o&#8221; usava duas camisas, sendo uma de mangas compridas, e por baixo da cal\u00e7a ainda existia um short.<\/p>\n<p style=\"text-align: justify;\"><span style=\"color: #333333;\"><strong>Da reda\u00e7\u00e3o Itnet, Gilson de Oliveira.<\/strong><\/span><\/p>\n","protected":false},"excerpt":{"rendered":"<p>A v\u00edtima era moradora do conjunto Jos\u00e9 Luiz da Concei\u00e7\u00e3o, bairro S\u00e3o Crist\u00f3v\u00e3o, na periferia de Itabaiana (SE), e foi identificada inicialmente apenas pela alcunha de &#8220;Tonh\u00e3o&#8221;. Ele estava em um ciclomotor da marca Shineray, modelo Phoenix, na companhia de um amigo quando foi surpreendido por homens que efetuaram diversos disparos. Na tentativa de se [&hellip;]<\/p>\n","protected":false},"author":1,"featured_media":42008,"comment_status":"closed","ping_status":"closed","sticky":false,"template":"","format":"standard","meta":{"footnotes":""},"categories":[7,1],"tags":[],"class_list":{"0":"post-42007","1":"post","2":"type-post","3":"status-publish","4":"format-standard","5":"has-post-thumbnail","7":"category-policia","8":"category-sem-categoria"},"_links":{"self":[{"href":"https:\/\/senoticias.com.br\/se\/wp-json\/wp\/v2\/posts\/42007"}],"collection":[{"href":"https:\/\/senoticias.com.br\/se\/wp-json\/wp\/v2\/posts"}],"about":[{"href":"https:\/\/senoticias.com.br\/se\/wp-json\/wp\/v2\/types\/post"}],"author":[{"embeddable":true,"href":"https:\/\/senoticias.com.br\/se\/wp-json\/wp\/v2\/users\/1"}],"replies":[{"embeddable":true,"href":"https:\/\/senoticias.com.br\/se\/wp-json\/wp\/v2\/comments?post=42007"}],"version-history":[{"count":0,"href":"https:\/\/senoticias.com.br\/se\/wp-json\/wp\/v2\/posts\/42007\/revisions"}],"wp:featuredmedia":[{"embeddable":true,"href":"https:\/\/senoticias.com.br\/se\/wp-json\/wp\/v2\/media\/42008"}],"wp:attachment":[{"href":"https:\/\/senoticias.com.br\/se\/wp-json\/wp\/v2\/media?parent=42007"}],"wp:term":[{"taxonomy":"category","embeddable":true,"href":"https:\/\/senoticias.com.br\/se\/wp-json\/wp\/v2\/categories?post=42007"},{"taxonomy":"post_tag","embeddable":true,"href":"https:\/\/senoticias.com.br\/se\/wp-json\/wp\/v2\/tags?post=42007"}],"curies":[{"name":"wp","href":"https:\/\/api.w.org\/{rel}","templated":true}]}}