{"id":42002,"date":"2012-12-08T21:13:58","date_gmt":"2012-12-09T00:13:58","guid":{"rendered":"http:\/\/senoticias.com.br\/se\/?p=42002"},"modified":"2012-12-08T21:17:55","modified_gmt":"2012-12-09T00:17:55","slug":"pt-recusa-proposta-de-nao-reconhecer-resultado-do-mensalao","status":"publish","type":"post","link":"https:\/\/senoticias.com.br\/se\/pt-recusa-proposta-de-nao-reconhecer-resultado-do-mensalao\/","title":{"rendered":"PT recusa proposta de n\u00e3o reconhecer resultado do mensal\u00e3o"},"content":{"rendered":"<p>&nbsp;<\/p>\n<h5><strong>FOLHA DE S\u00c3O PAULO &#8211; DE BRAS\u00cdLIA<\/strong><\/h5>\n<div id=\"attachment_42004\" style=\"width: 269px\" class=\"wp-caption alignnone\"><a href=\"http:\/\/senoticias.com.br\/se\/wp-content\/uploads\/2012\/12\/pT.jpg\"><img loading=\"lazy\" decoding=\"async\" aria-describedby=\"caption-attachment-42004\" class=\"size-full wp-image-42004\" title=\"pT\" src=\"http:\/\/senoticias.com.br\/se\/wp-content\/uploads\/2012\/12\/pT.jpg\" alt=\"\" width=\"259\" height=\"194\" srcset=\"https:\/\/senoticias.com.br\/se\/wp-content\/uploads\/2012\/12\/pT.jpg 259w, https:\/\/senoticias.com.br\/se\/wp-content\/uploads\/2012\/12\/pT-60x45.jpg 60w, https:\/\/senoticias.com.br\/se\/wp-content\/uploads\/2012\/12\/pT-150x113.jpg 150w\" sizes=\"(max-width: 259px) 100vw, 259px\" \/><\/a><p id=\"caption-attachment-42004\" class=\"wp-caption-text\">Reprodu\u00e7\u00e3o internet<\/p><\/div>\n<p style=\"text-align: justify;\">O diret\u00f3rio nacional do PT recusou ontem proposta de um de seus membros para n\u00e3o reconhecer o resultado do julgamento do mensal\u00e3o e empreender uma campanha de rua contra o STF (Supremo Tribunal Federal).<\/p>\n<p style=\"text-align: justify;\">A recusa frustrou Jos\u00e9 Dirceu, ex-ministro condenado pelo STF, e tensionou o clima na reuni\u00e3o do diret\u00f3rio petista, em Bras\u00edlia, como informou o jornal &#8220;O Globo&#8221;.<\/p>\n<p style=\"text-align: justify;\">A proposta foi feita por um dirigente de Santa Catarina, Serge Goulart, ap\u00f3s conversar reservadamente com Dirceu. Segundo interlocutores, foi necess\u00e1rio o presidente da sigla, Rui Falc\u00e3o, convencer os demais a sequer votar a requisi\u00e7\u00e3o do colega.<\/p>\n<p style=\"text-align: justify;\">Motivo: se a proposta fosse aprovada, a sigla assumiria para si um ataque institucional contra STF; se rejeitada, pareceria um veto a Dirceu e aos demais condenados no julgamento do mensal\u00e3o.<\/p>\n<p style=\"text-align: justify;\">Tr\u00eas dirigentes petistas relataram a frase de Falc\u00e3o quando Goulart se recusou, pela primeira vez, a retirar a proposta: &#8220;Manifestamos sempre nossa solidariedade, mas n\u00e3o podemos associar o partido a uma campanha contra o Supremo. Nossa campanha em 2013 tem de ser pela reforma pol\u00edtica&#8221;.<\/p>\n<p style=\"text-align: justify;\">Diante da falta de apoio para iniciar a vota\u00e7\u00e3o, o pr\u00f3prio Dirceu convenceu o colega a desistir da pauta. Goulart retirou a proposta e o ex-ministro deixou a reuni\u00e3o antes de fim. Disse a colegas que precisava buscar a filha de dois anos na escola.<\/p>\n<p style=\"text-align: justify;\">H\u00e1 uma decis\u00e3o interna, apoiada por Lula e pela presidente Dilma Rousseff, de n\u00e3o transformar a batalha dos condenados no julgamento do mensal\u00e3o em uma guerra do partido.<\/p>\n<p style=\"text-align: justify;\">O que a legenda se disp\u00f5e a fazer \u00e9 desconstruir o que chama de &#8220;a narrativa do mensal\u00e3o&#8221;, alicer\u00e7ada na acusa\u00e7\u00e3o de compra de votos parlamentares, junto a formadores de opini\u00e3o.<\/p>\n<p style=\"text-align: justify;\">&#8220;N\u00e3o foi encampado [fazer protestos contra o STF] porque o proponente retirou sua proposta diante das manifesta\u00e7\u00e3o de que o PT vinha fazendo a defesa dos seus companheiros&#8221;, disse em entrevista a jornalista durante uma pequena pausa do encontro. Para ele, a pauta do PT para 2013 \u00e9 o apoio ao governo e a tentativa de viabilizar uma reforma pol\u00edtica no Congresso Nacional.<\/p>\n<p style=\"text-align: justify;\">Questionado se o ex-ministro Jos\u00e9 Dirceu n\u00e3o se chateara em raz\u00e3o da recusa da pauta, o presidente da sigla contra-argumentou. Disse que Dirceu est\u00e1 &#8220;satisfeito&#8221; com as manifesta\u00e7\u00f5es do partido, citando a carta de apoio divulgada no m\u00eas passado, e que este prosseguir\u00e1 com seus atos contra o resultado do julgamento.<\/p>\n<p style=\"text-align: justify;\">Sobre os petistas condenados pelo Supremo, Falc\u00e3o afirmou que eles seguem gozando de seus direitos partid\u00e1rios e de que diversos colegas j\u00e1 falam em fazer uma cota para arcar com as multas, consideradas desproporcionais, fixadas pelo tribunal.<\/p>\n<p style=\"text-align: justify;\">O diret\u00f3rio definiu que o Congresso do partido ser\u00e1 em fevereiro de 2014, dedicado a discutir a legenda, fazer balan\u00e7o do governo petista nos \u00faltimos dez anos.<\/p>\n<p style=\"text-align: justify;\">Sobre a falta de apoio expl\u00edcito a Dirceu contra a condena\u00e7\u00e3o no Supremo, Falc\u00e3o desconversou. &#8220;O PT est\u00e1 manifestando sua solidariedade. Inclusive j\u00e1 ouvi que colegas ir\u00e3o se cotizar para ajudar a pagar as multas [impostas aos r\u00e9us do mensal\u00e3o que foram condenados]&#8221;.<\/p>\n","protected":false},"excerpt":{"rendered":"<p>&nbsp; FOLHA DE S\u00c3O PAULO &#8211; DE BRAS\u00cdLIA O diret\u00f3rio nacional do PT recusou ontem proposta de um de seus membros para n\u00e3o reconhecer o resultado do julgamento do mensal\u00e3o e empreender uma campanha de rua contra o STF (Supremo Tribunal Federal). A recusa frustrou Jos\u00e9 Dirceu, ex-ministro condenado pelo STF, e tensionou o clima [&hellip;]<\/p>\n","protected":false},"author":1,"featured_media":42004,"comment_status":"closed","ping_status":"closed","sticky":false,"template":"","format":"standard","meta":{"footnotes":""},"categories":[6],"tags":[],"class_list":{"0":"post-42002","1":"post","2":"type-post","3":"status-publish","4":"format-standard","5":"has-post-thumbnail","7":"category-politica"},"_links":{"self":[{"href":"https:\/\/senoticias.com.br\/se\/wp-json\/wp\/v2\/posts\/42002"}],"collection":[{"href":"https:\/\/senoticias.com.br\/se\/wp-json\/wp\/v2\/posts"}],"about":[{"href":"https:\/\/senoticias.com.br\/se\/wp-json\/wp\/v2\/types\/post"}],"author":[{"embeddable":true,"href":"https:\/\/senoticias.com.br\/se\/wp-json\/wp\/v2\/users\/1"}],"replies":[{"embeddable":true,"href":"https:\/\/senoticias.com.br\/se\/wp-json\/wp\/v2\/comments?post=42002"}],"version-history":[{"count":0,"href":"https:\/\/senoticias.com.br\/se\/wp-json\/wp\/v2\/posts\/42002\/revisions"}],"wp:featuredmedia":[{"embeddable":true,"href":"https:\/\/senoticias.com.br\/se\/wp-json\/wp\/v2\/media\/42004"}],"wp:attachment":[{"href":"https:\/\/senoticias.com.br\/se\/wp-json\/wp\/v2\/media?parent=42002"}],"wp:term":[{"taxonomy":"category","embeddable":true,"href":"https:\/\/senoticias.com.br\/se\/wp-json\/wp\/v2\/categories?post=42002"},{"taxonomy":"post_tag","embeddable":true,"href":"https:\/\/senoticias.com.br\/se\/wp-json\/wp\/v2\/tags?post=42002"}],"curies":[{"name":"wp","href":"https:\/\/api.w.org\/{rel}","templated":true}]}}