{"id":41998,"date":"2012-12-08T14:38:10","date_gmt":"2012-12-08T17:38:10","guid":{"rendered":"http:\/\/senoticias.com.br\/se\/?p=41998"},"modified":"2012-12-10T12:33:27","modified_gmt":"2012-12-10T15:33:27","slug":"avon-tem-que-recolher-mais-de-500-xampus-contaminados-com-bacterias","status":"publish","type":"post","link":"https:\/\/senoticias.com.br\/se\/avon-tem-que-recolher-mais-de-500-xampus-contaminados-com-bacterias\/","title":{"rendered":"Avon tem que recolher mais de 500 xampus contaminados com bact\u00e9rias"},"content":{"rendered":"<p><a href=\"http:\/\/senoticias.com.br\/se\/wp-content\/uploads\/2012\/12\/Estadao.png\"><img loading=\"lazy\" decoding=\"async\" class=\"alignnone size-full wp-image-42000\" title=\"Estadao\" src=\"http:\/\/senoticias.com.br\/se\/wp-content\/uploads\/2012\/12\/Estadao.png\" alt=\"\" width=\"136\" height=\"29\" \/><\/a><\/p>\n<p style=\"text-align: justify;\">A Senacon (Secretaria Nacional do Consumidor) do Minist\u00e9rio da Justi\u00e7a determinou o recall de mais de 500 xampus da linha Avon Care Hidratante que foram vendidos em embalagens de um litro.<\/p>\n<p style=\"text-align: justify;\"><a href=\"http:\/\/senoticias.com.br\/se\/wp-content\/uploads\/2012\/12\/Avon.png\"><img loading=\"lazy\" decoding=\"async\" class=\"aligncenter size-full wp-image-41999\" title=\"Avon\" src=\"http:\/\/senoticias.com.br\/se\/wp-content\/uploads\/2012\/12\/Avon.png\" alt=\" Foi detectada no produto a presen\u00e7a de bact\u00e9ria que agrava quadros de infec\u00e7\u00e3o. (Reprodu\u00e7\u00e3o internet)\" width=\"460\" height=\"300\" srcset=\"https:\/\/senoticias.com.br\/se\/wp-content\/uploads\/2012\/12\/Avon.png 460w, https:\/\/senoticias.com.br\/se\/wp-content\/uploads\/2012\/12\/Avon-300x195.png 300w, https:\/\/senoticias.com.br\/se\/wp-content\/uploads\/2012\/12\/Avon-342x223.png 342w\" sizes=\"(max-width: 460px) 100vw, 460px\" \/><\/a><\/p>\n<p style=\"text-align: justify;\">A justificativa para a medida \u00e9 a de que os produtos podem causar s\u00e9rios riscos \u00e0 sa\u00fade, j\u00e1 que testes apontaram que eles est\u00e3o contaminados com a bact\u00e9ria Pseudomonas aeruginosa, que em contato com a pele ou os olhos pode &#8220;agravar qualquer eventual quadro infeccioso aos consumidores com sistema imunol\u00f3gico debilitado&#8221;.<\/p>\n<p style=\"text-align: justify;\">Fazem parte do recall as embalagens do xampu que est\u00e3o no lote LP 3182 e que foram fabricadas em 13 de novembro de 2012, com validade para 2015. A Avon informou, por meio da sua assessoria de imprensa, que est\u00e1 recolhendo voluntariamente as 558 unidades do produto.<\/p>\n<p style=\"text-align: justify;\">A Avon informou ainda, por meio de nota, que identificou e contatou as revendedoras que adquiriram esses itens e, at\u00e9 agora, mais de 300 unidades do xampu j\u00e1 foram recolhidas.<\/p>\n<p style=\"text-align: justify;\">Ainda segundo a Avon, a central de atendimento da empresa n\u00e3o registrou nenhuma reclama\u00e7\u00e3o de consumidores a respeito do caso. A empresa recomenda a interrup\u00e7\u00e3o do uso e diz que far\u00e1 a substitui\u00e7\u00e3o para o consumidor. O contato pode ser feito pelo 0800-708-28-66.<\/p>\n","protected":false},"excerpt":{"rendered":"<p>A Senacon (Secretaria Nacional do Consumidor) do Minist\u00e9rio da Justi\u00e7a determinou o recall de mais de 500 xampus da linha Avon Care Hidratante que foram vendidos em embalagens de um litro. A justificativa para a medida \u00e9 a de que os produtos podem causar s\u00e9rios riscos \u00e0 sa\u00fade, j\u00e1 que testes apontaram que eles est\u00e3o [&hellip;]<\/p>\n","protected":false},"author":1,"featured_media":41999,"comment_status":"closed","ping_status":"closed","sticky":false,"template":"","format":"standard","meta":{"footnotes":""},"categories":[310],"tags":[],"class_list":{"0":"post-41998","1":"post","2":"type-post","3":"status-publish","4":"format-standard","5":"has-post-thumbnail","7":"category-destaques-da-semana"},"_links":{"self":[{"href":"https:\/\/senoticias.com.br\/se\/wp-json\/wp\/v2\/posts\/41998"}],"collection":[{"href":"https:\/\/senoticias.com.br\/se\/wp-json\/wp\/v2\/posts"}],"about":[{"href":"https:\/\/senoticias.com.br\/se\/wp-json\/wp\/v2\/types\/post"}],"author":[{"embeddable":true,"href":"https:\/\/senoticias.com.br\/se\/wp-json\/wp\/v2\/users\/1"}],"replies":[{"embeddable":true,"href":"https:\/\/senoticias.com.br\/se\/wp-json\/wp\/v2\/comments?post=41998"}],"version-history":[{"count":0,"href":"https:\/\/senoticias.com.br\/se\/wp-json\/wp\/v2\/posts\/41998\/revisions"}],"wp:featuredmedia":[{"embeddable":true,"href":"https:\/\/senoticias.com.br\/se\/wp-json\/wp\/v2\/media\/41999"}],"wp:attachment":[{"href":"https:\/\/senoticias.com.br\/se\/wp-json\/wp\/v2\/media?parent=41998"}],"wp:term":[{"taxonomy":"category","embeddable":true,"href":"https:\/\/senoticias.com.br\/se\/wp-json\/wp\/v2\/categories?post=41998"},{"taxonomy":"post_tag","embeddable":true,"href":"https:\/\/senoticias.com.br\/se\/wp-json\/wp\/v2\/tags?post=41998"}],"curies":[{"name":"wp","href":"https:\/\/api.w.org\/{rel}","templated":true}]}}