{"id":41995,"date":"2012-12-08T14:22:52","date_gmt":"2012-12-08T17:22:52","guid":{"rendered":"http:\/\/senoticias.com.br\/se\/?p=41995"},"modified":"2012-12-08T14:27:55","modified_gmt":"2012-12-08T17:27:55","slug":"morre-vitima-de-atropelamento-na-13-de-julho","status":"publish","type":"post","link":"https:\/\/senoticias.com.br\/se\/morre-vitima-de-atropelamento-na-13-de-julho\/","title":{"rendered":"Morre v\u00edtima de atropelamento na cal\u00e7ada da13 de julho"},"content":{"rendered":"<h5><span style=\"color: #333333;\"><strong><a href=\" http:\/\/www.atalaiaagora.com.br\/conteudo.php?c=31725&amp;sb=1&amp;t=MORRE+VITIMA+DE+ATROPELAMENTO+NA+13+DE+JULHO \" target=\"_blank\">Reda\u00e7\u00e3o Portal Atalaia Agora<\/a><\/strong><\/span><\/h5>\n<div id=\"attachment_41996\" style=\"width: 236px\" class=\"wp-caption alignleft\"><a href=\"http:\/\/senoticias.com.br\/se\/wp-content\/uploads\/2012\/12\/Adriana.jpg\"><img loading=\"lazy\" decoding=\"async\" aria-describedby=\"caption-attachment-41996\" class=\"size-full wp-image-41996\" title=\"Adriana\" src=\"http:\/\/senoticias.com.br\/se\/wp-content\/uploads\/2012\/12\/Adriana.jpg\" alt=\"\" width=\"226\" height=\"200\" \/><\/a><p id=\"caption-attachment-41996\" class=\"wp-caption-text\">Adriana amputou as duas pernas e morreu no hospital. (Foto: Arquivo Pessoal)<\/p><\/div>\n<p style=\"text-align: justify;\">Morreu na noite desta sexta-feira (7) Adriana Cunha Vaz, 45 anos, funcion\u00e1ria do Sebrae. <span style=\"color: #0000ff;\"><strong><a href=\"  http:\/\/senoticias.com.br\/se\/?p=41874  \">Ela foi atropelada por uma caminhonete, na cal\u00e7ada<\/a><\/strong><\/span> de casa, quando voltava de uma caminhada no cal\u00e7ad\u00e3o da 13 de julho, na manh\u00e3 da quarta-feira (5).<\/p>\n<p style=\"text-align: justify;\">Segundo informa\u00e7\u00f5es, a v\u00edtima estava internada no Hospital S\u00e3o Lucas, onde passou por cirurgias para amputa\u00e7\u00e3o das pernas, n\u00e3o resistindo acabou morrendo no hospital.<\/p>\n<p style=\"text-align: justify;\">O corpo foi sepultado na manh\u00e3 deste s\u00e1bado (8), no cemit\u00e9rio Colina da Saudade, Zona Sul da Capital.<\/p>\n<p style=\"text-align: justify;\">A Delegacia de Delitos de Tr\u00e2nsito ir\u00e1 realizar as investiga\u00e7\u00f5es sobre o acidente.<\/p>\n","protected":false},"excerpt":{"rendered":"<p>Reda\u00e7\u00e3o Portal Atalaia Agora Morreu na noite desta sexta-feira (7) Adriana Cunha Vaz, 45 anos, funcion\u00e1ria do Sebrae. Ela foi atropelada por uma caminhonete, na cal\u00e7ada de casa, quando voltava de uma caminhada no cal\u00e7ad\u00e3o da 13 de julho, na manh\u00e3 da quarta-feira (5). Segundo informa\u00e7\u00f5es, a v\u00edtima estava internada no Hospital S\u00e3o Lucas, onde [&hellip;]<\/p>\n","protected":false},"author":1,"featured_media":41996,"comment_status":"closed","ping_status":"closed","sticky":false,"template":"","format":"standard","meta":{"footnotes":""},"categories":[7],"tags":[],"class_list":{"0":"post-41995","1":"post","2":"type-post","3":"status-publish","4":"format-standard","5":"has-post-thumbnail","7":"category-policia"},"_links":{"self":[{"href":"https:\/\/senoticias.com.br\/se\/wp-json\/wp\/v2\/posts\/41995"}],"collection":[{"href":"https:\/\/senoticias.com.br\/se\/wp-json\/wp\/v2\/posts"}],"about":[{"href":"https:\/\/senoticias.com.br\/se\/wp-json\/wp\/v2\/types\/post"}],"author":[{"embeddable":true,"href":"https:\/\/senoticias.com.br\/se\/wp-json\/wp\/v2\/users\/1"}],"replies":[{"embeddable":true,"href":"https:\/\/senoticias.com.br\/se\/wp-json\/wp\/v2\/comments?post=41995"}],"version-history":[{"count":0,"href":"https:\/\/senoticias.com.br\/se\/wp-json\/wp\/v2\/posts\/41995\/revisions"}],"wp:featuredmedia":[{"embeddable":true,"href":"https:\/\/senoticias.com.br\/se\/wp-json\/wp\/v2\/media\/41996"}],"wp:attachment":[{"href":"https:\/\/senoticias.com.br\/se\/wp-json\/wp\/v2\/media?parent=41995"}],"wp:term":[{"taxonomy":"category","embeddable":true,"href":"https:\/\/senoticias.com.br\/se\/wp-json\/wp\/v2\/categories?post=41995"},{"taxonomy":"post_tag","embeddable":true,"href":"https:\/\/senoticias.com.br\/se\/wp-json\/wp\/v2\/tags?post=41995"}],"curies":[{"name":"wp","href":"https:\/\/api.w.org\/{rel}","templated":true}]}}