{"id":41945,"date":"2012-12-07T08:06:12","date_gmt":"2012-12-07T11:06:12","guid":{"rendered":"http:\/\/senoticias.com.br\/se\/?p=41945"},"modified":"2012-12-07T08:06:49","modified_gmt":"2012-12-07T11:06:49","slug":"adolescente-morre-apos-ameacar-atirar-em-policial-em-boquim","status":"publish","type":"post","link":"https:\/\/senoticias.com.br\/se\/adolescente-morre-apos-ameacar-atirar-em-policial-em-boquim\/","title":{"rendered":"Adolescente morre ap\u00f3s amea\u00e7ar atirar em policial em Boquim"},"content":{"rendered":"<p><span style=\"color: #333333;\"><strong>Pisca J\u00fanior &#8211; Di\u00e1rio Sergipano<\/strong><\/span><\/p>\n<p style=\"text-align: justify;\"><a href=\"http:\/\/senoticias.com.br\/se\/wp-content\/uploads\/2012\/12\/homicidio_boquim.jpg\"><img loading=\"lazy\" decoding=\"async\" class=\"alignleft size-medium wp-image-41947\" title=\"homicidio_boquim\" src=\"http:\/\/senoticias.com.br\/se\/wp-content\/uploads\/2012\/12\/homicidio_boquim-300x226.jpg\" alt=\"\" width=\"300\" height=\"226\" srcset=\"https:\/\/senoticias.com.br\/se\/wp-content\/uploads\/2012\/12\/homicidio_boquim-300x226.jpg 300w, https:\/\/senoticias.com.br\/se\/wp-content\/uploads\/2012\/12\/homicidio_boquim-342x258.jpg 342w, https:\/\/senoticias.com.br\/se\/wp-content\/uploads\/2012\/12\/homicidio_boquim-60x45.jpg 60w, https:\/\/senoticias.com.br\/se\/wp-content\/uploads\/2012\/12\/homicidio_boquim-150x113.jpg 150w, https:\/\/senoticias.com.br\/se\/wp-content\/uploads\/2012\/12\/homicidio_boquim.jpg 644w\" sizes=\"(max-width: 300px) 100vw, 300px\" \/><\/a>Uma persegui\u00e7\u00e3o policial acabou em morte na cidade de Boquim, distante 30 Km do munic\u00edpio de Est\u00e2ncia. Desta vez, um adolescente tentou furar um bloqueio policial e ao se sentir encurralado pelas autoridades policiais acabou sacando sua arma, fazendo com que a pol\u00edcia revidasse com um tiro fatal.<\/p>\n<p style=\"text-align: justify;\">De acordo relatos colhidos no local, quando os policiais se dirigiam para atender a uma determina\u00e7\u00e3o da justi\u00e7a, capturar o adolescente infrator, A.J.S, 17, o mesmo percebeu que estava sendo perseguido e acabou tentando fugir do bloqueio. Para tentar evadir-se do local, \u201cA\u201d, acabou cometendo a infelicidade de sacar sua arma e recebeu um tiro de Ponto 40 que varou o peito.<\/p>\n<p style=\"text-align: justify;\">O fato aconteceu na Rua Jo\u00e3o A. do Nascimento, esquina com a Pra\u00e7a Hermes fontes, no centro da cidade de Boquim. Ap\u00f3s ser alvejado, o adolescente caiu na cal\u00e7ada de uma pousada, vizinho a base do SAMU.<\/p>\n<p style=\"text-align: justify;\">Ap\u00f3s ser alvejado, o adolescente foi conduzido at\u00e9 a UPA, unidade de pronto atendimento 24h do munic\u00edpio, mas j\u00e1 chegou ao local sem vida. O fato aconteceu por volta das 13h 30 e por volta das 16h 40 \u00e0 viatura do IML compareceu ao hospital para retirar o corpo que aguardava na pedra fria.<\/p>\n<p style=\"text-align: justify;\">O adolescente saiu recentemente do CENAM e desde ent\u00e3o vinha aterrorizando na cidade de Boquim e adjac\u00eancias. Segundo a pol\u00edcia, A.J.S estava envolvido em uma s\u00e9rie de assaltos e roubos a motocicletas, inclusive respondendo por procedimentos no munic\u00edpio de Lagarto, sob a acusa\u00e7\u00e3o de roubo de motos.<\/p>\n<p style=\"text-align: justify;\">A.J.S foi preso na semana passada e na noite de ontem, quarta feira, 05, fez suas \u00faltimas v\u00edtimas, adolescentes que tiveram seus celulares roubados e fizeram o seu reconhecimento atrav\u00e9s de fotografias na delegacia do munic\u00edpio. Enquanto a nossa equipe estava na delegacia, outra v\u00edtima do adolescente morto nessa tarde compareceu at\u00e9 o local para reconhecer o jovem que tentou contra sua vida em outra oportunidade.<\/p>\n<p style=\"text-align: justify;\">Conversando com comerciantes nas ruas de Boquim, v\u00e1rios relatos das atividades il\u00edcitas dele foram feitos a nossa equipe.<\/p>\n<p style=\"text-align: justify;\">\u201cOntem mesmo eu dei dois reais a ele, todo dia ele vinha me pedir dinheiro\u201d, declarou a respons\u00e1vel por uma lanchonete que preferiu n\u00e3o se identificar. Segundo outra comerciante, a v\u00edtima sempre aparecia no local oferecendo produtos de roubo.<\/p>\n<p style=\"text-align: justify;\">\u201cT\u00f4 com uns aparelhos massa de celular, quer apanhar? fa\u00e7o baratinho\u201d, declarou uma comerciante que tamb\u00e9m n\u00e3o quis revelar sua identidade.<\/p>\n<p style=\"text-align: justify;\">Segundo informa\u00e7\u00f5es de populares, na semana passada, outro comparsa desse adolescente foi morto em uma rua conhecida como Rua da Jaqueira. De acordo com informa\u00e7\u00f5es policiais, A.J.S estava andando armado n\u00e3o s\u00f3 para cometer assaltos, mas para se defender dos assassinos do seu comparsa que tinham prometido voltar para acertar as contas com ele.<\/p>\n<p style=\"text-align: justify;\">\n","protected":false},"excerpt":{"rendered":"<p>Pisca J\u00fanior &#8211; Di\u00e1rio Sergipano Uma persegui\u00e7\u00e3o policial acabou em morte na cidade de Boquim, distante 30 Km do munic\u00edpio de Est\u00e2ncia. Desta vez, um adolescente tentou furar um bloqueio policial e ao se sentir encurralado pelas autoridades policiais acabou sacando sua arma, fazendo com que a pol\u00edcia revidasse com um tiro fatal. De acordo [&hellip;]<\/p>\n","protected":false},"author":1,"featured_media":41947,"comment_status":"closed","ping_status":"closed","sticky":false,"template":"","format":"standard","meta":{"footnotes":""},"categories":[7],"tags":[],"class_list":{"0":"post-41945","1":"post","2":"type-post","3":"status-publish","4":"format-standard","5":"has-post-thumbnail","7":"category-policia"},"_links":{"self":[{"href":"https:\/\/senoticias.com.br\/se\/wp-json\/wp\/v2\/posts\/41945"}],"collection":[{"href":"https:\/\/senoticias.com.br\/se\/wp-json\/wp\/v2\/posts"}],"about":[{"href":"https:\/\/senoticias.com.br\/se\/wp-json\/wp\/v2\/types\/post"}],"author":[{"embeddable":true,"href":"https:\/\/senoticias.com.br\/se\/wp-json\/wp\/v2\/users\/1"}],"replies":[{"embeddable":true,"href":"https:\/\/senoticias.com.br\/se\/wp-json\/wp\/v2\/comments?post=41945"}],"version-history":[{"count":0,"href":"https:\/\/senoticias.com.br\/se\/wp-json\/wp\/v2\/posts\/41945\/revisions"}],"wp:featuredmedia":[{"embeddable":true,"href":"https:\/\/senoticias.com.br\/se\/wp-json\/wp\/v2\/media\/41947"}],"wp:attachment":[{"href":"https:\/\/senoticias.com.br\/se\/wp-json\/wp\/v2\/media?parent=41945"}],"wp:term":[{"taxonomy":"category","embeddable":true,"href":"https:\/\/senoticias.com.br\/se\/wp-json\/wp\/v2\/categories?post=41945"},{"taxonomy":"post_tag","embeddable":true,"href":"https:\/\/senoticias.com.br\/se\/wp-json\/wp\/v2\/tags?post=41945"}],"curies":[{"name":"wp","href":"https:\/\/api.w.org\/{rel}","templated":true}]}}