{"id":41940,"date":"2012-12-06T23:39:23","date_gmt":"2012-12-07T02:39:23","guid":{"rendered":"http:\/\/senoticias.com.br\/se\/?p=41940"},"modified":"2012-12-06T23:39:23","modified_gmt":"2012-12-07T02:39:23","slug":"dilma-rousseff-pede-a-deda-que-nao-desista-do-proinveste","status":"publish","type":"post","link":"https:\/\/senoticias.com.br\/se\/dilma-rousseff-pede-a-deda-que-nao-desista-do-proinveste\/","title":{"rendered":"Dilma Rousseff pede a D\u00e9da que n\u00e3o desista do Proinveste"},"content":{"rendered":"<p>&nbsp;<\/p>\n<p style=\"text-align: justify;\"><span style=\"color: #333333;\"><strong>Durante a audi\u00eancia, a presidenta mostrou-se solid\u00e1ria com o governador, prometeu agilizar os pleitos de Sergipe e antecipou que vir\u00e1 a Sergipe em janeiro<\/strong><\/span><\/p>\n<div id=\"attachment_30596\" style=\"width: 310px\" class=\"wp-caption alignleft\"><a href=\"http:\/\/senoticias.com.br\/se\/wp-content\/uploads\/2012\/04\/dedaedilmaaracaju8.jpeg\"><img loading=\"lazy\" decoding=\"async\" aria-describedby=\"caption-attachment-30596\" class=\"size-medium wp-image-30596\" title=\"dedaedilmaaracaju8\" src=\"http:\/\/senoticias.com.br\/se\/wp-content\/uploads\/2012\/04\/dedaedilmaaracaju8-300x199.jpg\" alt=\"\" width=\"300\" height=\"199\" srcset=\"https:\/\/senoticias.com.br\/se\/wp-content\/uploads\/2012\/04\/dedaedilmaaracaju8-300x199.jpg 300w, https:\/\/senoticias.com.br\/se\/wp-content\/uploads\/2012\/04\/dedaedilmaaracaju8-342x227.jpg 342w, https:\/\/senoticias.com.br\/se\/wp-content\/uploads\/2012\/04\/dedaedilmaaracaju8.jpeg 700w\" sizes=\"(max-width: 300px) 100vw, 300px\" \/><\/a><p id=\"caption-attachment-30596\" class=\"wp-caption-text\">A presidenta mostrou-se solid\u00e1ria com o governador.( Arquivo: Marcelle Cristinne\/ASN)<\/p><\/div>\n<p style=\"text-align: justify;\">Numa longa audi\u00eancia, nesta quinta, 7, em Bras\u00edlia, a presidenta Dilma Rousseff pediu ao governador Marcelo D\u00e9da que n\u00e3o desista do Proinveste, programa do Governo Federal que destinaria R$ 727 milh\u00f5es em investimentos ao Estado e que foi rejeitado pela Assembleia Legislativa. No mesmo encontro, de uma hora e 15 minutos, a presidenta dedicou mais da metade do tempo a &#8220;um di\u00e1logo de fraternidade, de amizade, de solidariedade&#8221;.<\/p>\n<p style=\"text-align: justify;\">Ao ouvir sobre a rejei\u00e7\u00e3o do Proinveste &#8220;a presidenta ficou extremamente chocada&#8221;, relatou D\u00e9da. &#8220;Ela mencionou que o Proinveste \u00e9 uma pol\u00edtica do Governo Federal, considerada estrat\u00e9gica para garantir o crescimento econ\u00f4mico do Brasil porque o alvo \u00e9 aumentar o investimento p\u00fablico. Ela entendeu que Sergipe ficar de fora compromete a estrat\u00e9gia de garantir desenvolvimento para todos os estados&#8221;.<\/p>\n<p style=\"text-align: justify;\">No encontro, o governador comentou com Dilma que, caso a decis\u00e3o seja definitiva, &#8220;n\u00f3s precisaremos ter solidariedade maior ainda da Uni\u00e3o&#8221;. Solid\u00e1ria a Sergipe, ela &#8220;pediu que n\u00e3o desistisse do Proinveste, que buscasse encontrar solu\u00e7\u00f5es que permitam \u00e0 Casa reapreciar a mat\u00e9ria&#8221;. D\u00e9da respondeu que, na sua volta ao Estado, vai buscar mais informa\u00e7\u00f5es junto \u00e0 base aliada e relatar a Presidenta.<\/p>\n<p style=\"text-align: justify;\"><strong>Emendas ao Or\u00e7amento<\/strong><\/p>\n<p style=\"text-align: justify;\">Da ministra Ideli Salvatti e da presidenta, D\u00e9da ouviu ainda o relato sobre a libera\u00e7\u00e3o de emendas ao Or\u00e7amento da Uni\u00e3o para 2012. Segundo ambas, dificilmente o Governo Federal vai liberar as emendas de bancada, j\u00e1 que a prioridade ser\u00e3o as emendas individuais. Portanto, comentou, &#8220;n\u00e3o \u00e9 verdadeiro que emendas do Or\u00e7amento possam substituir o Proinveste&#8221;. Mesmo que fossem liberadas, as emendas somariam cerca de R$ 200 milh\u00f5es, cerca de R$ 500 milh\u00f5es a menos que o montante do Proinvest.<\/p>\n<p style=\"text-align: justify;\"><strong>Ponte Gilberto Amado<\/strong><\/p>\n<p style=\"text-align: justify;\">Num outro gesto de aten\u00e7\u00e3o com Sergipe, a presidenta prometeu participar da inaugura\u00e7\u00e3o da ponte Gilberto Amado, um dos mais importantes empreendimentos tur\u00edsticos em infraestrutura tur\u00edstica do Brasil e a maior ponte fluvial do Nordeste. D\u00e9da lembrou que esta inaugura\u00e7\u00e3o representar\u00e1 mais do que o incremento do turismo sergipano, pois ter\u00e1 impacto na Bahia e na Copa do Mundo em 2014, ampliando o fluxo de turistas na regi\u00e3o. A inaugura\u00e7\u00e3o ser\u00e1 agenda para janeiro de 2013.<\/p>\n<p style=\"text-align: justify;\">O governador abordou, ainda, as opera\u00e7\u00f5es de cr\u00e9dito, que tramitam no Tesouro Nacional, o Aeroporto de Aracaju, que depende da publica\u00e7\u00e3o do edital de licita\u00e7\u00e3o, o desenvolvimento urbano da capital e a duplica\u00e7\u00e3o da BR-101. &#8220;Eu tive a oportunidade de detalhar esta agenda com as ministras Miriam Belchior [Planejamento] e Ideli Salvatti [Rela\u00e7\u00f5es Institucionais]&#8221;.<\/p>\n<p style=\"text-align: justify;\">&#8220;A partir de agora nossos secret\u00e1rios v\u00e3o procurar as ministras para detalhar o andamento dos pleitos de Sergipe e das determina\u00e7\u00f5es da presidenta&#8221;. Al\u00e9m disso, Belchior foi encarregada de conversar com o ministro Guido Mantega, da Fazenda, e transmitir as orienta\u00e7\u00f5es presidenciais.<\/p>\n<p style=\"text-align: justify;\">As dificuldades que Sergipe e outros estados brasileiros enfrentam com a queda nas receitas tamb\u00e9m integraram a agenda da reuni\u00e3o. D\u00e9da pediu &#8220;que o Governo buscasse atrav\u00e9s do Minist\u00e9rio da Fazenda uma interlocu\u00e7\u00e3o com os estados que est\u00e3o passando por mais dificuldades, para estudarmos alternativas que possam refor\u00e7ar o caixa estadual neste momento, formas republicanas, transparentes da Uni\u00e3o ajudar os estados&#8221;. A orienta\u00e7\u00e3o presidencial \u00e9 para que a Fazenda estude formas de apoio.<\/p>\n<p style=\"text-align: justify;\"><strong>Gratid\u00e3o<\/strong><\/p>\n<p style=\"text-align: justify;\">Por fim, &#8220;quero registrar, at\u00e9 por dever de gratid\u00e3o, a maneira extremamente carinhosa como a presidenta demonstrou a sua solidariedade com o meu estado de sa\u00fade&#8221;. Dilma quebrou os r\u00edgidos protocolos do Pal\u00e1cio do Planalto ao deixar a sala presidencial para buscar o governador na sala cont\u00edgua e conduzi-lo \u00e0 audi\u00eancia.<\/p>\n<p style=\"text-align: justify;\">&#8220;Em vez de esperar o governador sentada no seu gabinete, como \u00e9 a praxe, saiu de seu gabinete e foi me buscar na sala de autoridades, e me recebeu com um abra\u00e7o prolongado&#8221;, descreveu D\u00e9da. &#8220;Quero registrar para o povo de Sergipe que, al\u00e9m de ser uma audi\u00eancia extremamente produtiva e que me devolveu muitas esperan\u00e7as com rela\u00e7\u00e3o ao futuro de Sergipe, foi uma demonstra\u00e7\u00e3o de calor humano&#8221;.<\/p>\n<p style=\"text-align: justify;\">&#8220;Uma demonstra\u00e7\u00e3o que a presidenta do Brasil, considerada pela [revista] Forbes uma das pessoas mais poderosas do mundo, ainda \u00e9 um grande ser humano. A rotina de governar um pa\u00eds, a rotina de intervir como ela interv\u00e9m no debate mundial, especialmente da crise econ\u00f4mica, a rotina de botar o Brasil no rumo do crescimento, o cotidiano da vida pol\u00edtica, n\u00e3o apagou dentro do cora\u00e7\u00e3o e da alma da mulher Dilma Rousseff os valores que a fizeram ser quem ela \u00e9&#8221;.<\/p>\n<p style=\"text-align: justify;\">&#8220;Eu sa\u00ed da audi\u00eancia muito emocionado e tamb\u00e9m muito estimulado, at\u00e9 porque ela disse: D\u00e9da, trabalho \u00e9 terapia. Eu fiz a quimioterapia e n\u00e3o abandonei o minist\u00e9rio. Nos dias que n\u00e3o podia vir, n\u00e3o vinha. Pol\u00edtica est\u00e1 no seu sangue, voc\u00ea \u00e9 um homem que a vida inteira se dedicou a isso. Se voc\u00ea for afastado disso, vai fazer mal a sua sa\u00fade. Por isto, quando estiver bem, fa\u00e7a o que voc\u00ea est\u00e1 fazendo aqui. Venha nos ver, venha aqui atr\u00e1s dos ministros. V\u00e1 conduzir o seu governo&#8221;.<\/p>\n<p style=\"text-align: justify;\"><strong>Portos<\/strong><\/p>\n<p style=\"text-align: justify;\">Ao t\u00e9rmino do encontro, D\u00e9da foi convidado a participar do lan\u00e7amento do &#8220;Programa de Investimento em Log\u00edstica: Portos&#8221;. Junto com a presidenta e outras autoridades, como o vice-presidente da Rep\u00fablica, Michel Temer, o governador desceu a rampa que liga o terceiro ao segundo andar do Pal\u00e1cio do Planalto.<\/p>\n<p style=\"text-align: justify;\">Na audi\u00eancia, o governador foi assessorado por Pedro Lopes, secret\u00e1rio de Governo, Jos\u00e9 de Oliveira J\u00fanior, do Planejamento, e Jo\u00e3o Andrade Vieira, da Fazenda.<\/p>\n<p style=\"text-align: justify;\"><strong>Secretaria de Estado da Comunica\u00e7\u00e3o Social<\/strong><br \/>\n<strong> Governo de Sergipe<\/strong><\/p>\n","protected":false},"excerpt":{"rendered":"<p>&nbsp; Durante a audi\u00eancia, a presidenta mostrou-se solid\u00e1ria com o governador, prometeu agilizar os pleitos de Sergipe e antecipou que vir\u00e1 a Sergipe em janeiro Numa longa audi\u00eancia, nesta quinta, 7, em Bras\u00edlia, a presidenta Dilma Rousseff pediu ao governador Marcelo D\u00e9da que n\u00e3o desista do Proinveste, programa do Governo Federal que destinaria R$ 727 [&hellip;]<\/p>\n","protected":false},"author":1,"featured_media":30596,"comment_status":"closed","ping_status":"closed","sticky":false,"template":"","format":"standard","meta":{"footnotes":""},"categories":[6],"tags":[],"class_list":{"0":"post-41940","1":"post","2":"type-post","3":"status-publish","4":"format-standard","5":"has-post-thumbnail","7":"category-politica"},"_links":{"self":[{"href":"https:\/\/senoticias.com.br\/se\/wp-json\/wp\/v2\/posts\/41940"}],"collection":[{"href":"https:\/\/senoticias.com.br\/se\/wp-json\/wp\/v2\/posts"}],"about":[{"href":"https:\/\/senoticias.com.br\/se\/wp-json\/wp\/v2\/types\/post"}],"author":[{"embeddable":true,"href":"https:\/\/senoticias.com.br\/se\/wp-json\/wp\/v2\/users\/1"}],"replies":[{"embeddable":true,"href":"https:\/\/senoticias.com.br\/se\/wp-json\/wp\/v2\/comments?post=41940"}],"version-history":[{"count":0,"href":"https:\/\/senoticias.com.br\/se\/wp-json\/wp\/v2\/posts\/41940\/revisions"}],"wp:featuredmedia":[{"embeddable":true,"href":"https:\/\/senoticias.com.br\/se\/wp-json\/wp\/v2\/media\/30596"}],"wp:attachment":[{"href":"https:\/\/senoticias.com.br\/se\/wp-json\/wp\/v2\/media?parent=41940"}],"wp:term":[{"taxonomy":"category","embeddable":true,"href":"https:\/\/senoticias.com.br\/se\/wp-json\/wp\/v2\/categories?post=41940"},{"taxonomy":"post_tag","embeddable":true,"href":"https:\/\/senoticias.com.br\/se\/wp-json\/wp\/v2\/tags?post=41940"}],"curies":[{"name":"wp","href":"https:\/\/api.w.org\/{rel}","templated":true}]}}