{"id":41937,"date":"2012-12-06T22:57:21","date_gmt":"2012-12-07T01:57:21","guid":{"rendered":"http:\/\/senoticias.com.br\/se\/?p=41937"},"modified":"2012-12-07T15:37:04","modified_gmt":"2012-12-07T18:37:04","slug":"policia-prende-homem-acusado-de-sequestro-em-pe-e-se","status":"publish","type":"post","link":"https:\/\/senoticias.com.br\/se\/policia-prende-homem-acusado-de-sequestro-em-pe-e-se\/","title":{"rendered":"Pol\u00edcia prende homem acusado de sequestro em PE e SE"},"content":{"rendered":"<p style=\"text-align: justify;\"><a href=\"http:\/\/senoticias.com.br\/se\/wp-content\/uploads\/2012\/12\/Coe.jpg\"><img loading=\"lazy\" decoding=\"async\" class=\"alignleft size-medium wp-image-41939\" title=\"Coe\" src=\"http:\/\/senoticias.com.br\/se\/wp-content\/uploads\/2012\/12\/Coe-218x300.jpg\" alt=\"\" width=\"218\" height=\"300\" srcset=\"https:\/\/senoticias.com.br\/se\/wp-content\/uploads\/2012\/12\/Coe-218x300.jpg 218w, https:\/\/senoticias.com.br\/se\/wp-content\/uploads\/2012\/12\/Coe.jpg 220w\" sizes=\"(max-width: 218px) 100vw, 218px\" \/><\/a>Policiais do N\u00facleo de Intelig\u00eancia do Comando de Opera\u00e7\u00f5es Especiais (COE) da Pol\u00edcia Militar prenderam no in\u00edcio da manh\u00e3 desta quinta-feira, 6, Genivaldo Ferreira Faustino, 52 anos. Ele foi preso por interm\u00e9dio de um mandado de pris\u00e3o expedido pelo Juiz da Comarca de Carna\u00edba (PE), onde responde pelo crime de extors\u00e3o mediante sequestro e forma\u00e7\u00e3o de quadrilha.<\/p>\n<p style=\"text-align: justify;\">De acordo com o diretor do Complexo de Opera\u00e7\u00f5es Policiais Especiais (Cope), delegado Fl\u00e1vio Albuquerque, Genivaldo foi condenado em Sergipe por participar de um sequestro do filho do dono do Grupo Marat\u00e1 no ano de 1997. Por este crime, a Justi\u00e7a sergipana o condenou a mais de 25 anos de pris\u00e3o. \u201cEle ganhou progress\u00e3o de regime e atualmente estava preso em regime semi-aberto no Pres\u00eddio de Areia Branca\u201d, disse Albuquerque.<\/p>\n<p style=\"text-align: justify;\">Ocorre que no ano de 2006, Genivaldo foi apontado pela Justi\u00e7a de Pernambuco como um dos autores de um sequestro naquele Estado. Tamb\u00e9m naquele ano, pesa contra o acusado a autoria de um outro crime praticado contra sua ex-mulher na cidade de S\u00e3o Crist\u00f3v\u00e3o. \u201cA companheira dele teria pedido o div\u00f3rcio e tirado as coisas de dentro de casa. A atitude da esposa o revoltou tanto que ele pagou uns colegas para incendiar a casa onde o casal residia\u201d, explicou o delegado, lembrando que por este crime ele foi condenado a 4 anos e 4 meses de pris\u00e3o.<\/p>\n<p style=\"text-align: justify;\"><strong>Quadrilha violenta<\/strong><\/p>\n<p style=\"text-align: justify;\">O delegado ressaltou que a viol\u00eancia da quadrilha de Genivaldo chamava aten\u00e7\u00e3o da pol\u00edcia pela forma como eles subjugavam as v\u00edtimas. \u201cO empres\u00e1rio sergipano sequestrado h\u00e1 15 anos ficou dentro de uma caixa e enterrado em um buraco. Outras v\u00edtimas ficavam com partes do corpo soterrada, al\u00e9m de sofrerem extrema viol\u00eancia psicol\u00f3gica\u201d.<\/p>\n<p style=\"text-align: justify;\">Apesar da gravidade dos crimes, Genivaldo vivia tranquilamente em Sergipe, sendo inclusive empres\u00e1rio do ramo de embelezamento automotivo, no conjunto Orlando Dantas, zona sul de Aracaju. Genilvaldo ser\u00e1 levado para o sistema prisional do Estado e sua transfer\u00eancia para Pernambuco dever\u00e1 ser definida pelo juiz da Vara de Execu\u00e7\u00f5es Criminais.<\/p>\n<p style=\"text-align: justify;\">SSP\/SE<\/p>\n","protected":false},"excerpt":{"rendered":"<p>Policiais do N\u00facleo de Intelig\u00eancia do Comando de Opera\u00e7\u00f5es Especiais (COE) da Pol\u00edcia Militar prenderam no in\u00edcio da manh\u00e3 desta quinta-feira, 6, Genivaldo Ferreira Faustino, 52 anos. Ele foi preso por interm\u00e9dio de um mandado de pris\u00e3o expedido pelo Juiz da Comarca de Carna\u00edba (PE), onde responde pelo crime de extors\u00e3o mediante sequestro e forma\u00e7\u00e3o [&hellip;]<\/p>\n","protected":false},"author":1,"featured_media":41939,"comment_status":"closed","ping_status":"closed","sticky":false,"template":"","format":"standard","meta":{"footnotes":""},"categories":[6],"tags":[],"class_list":{"0":"post-41937","1":"post","2":"type-post","3":"status-publish","4":"format-standard","5":"has-post-thumbnail","7":"category-politica"},"_links":{"self":[{"href":"https:\/\/senoticias.com.br\/se\/wp-json\/wp\/v2\/posts\/41937"}],"collection":[{"href":"https:\/\/senoticias.com.br\/se\/wp-json\/wp\/v2\/posts"}],"about":[{"href":"https:\/\/senoticias.com.br\/se\/wp-json\/wp\/v2\/types\/post"}],"author":[{"embeddable":true,"href":"https:\/\/senoticias.com.br\/se\/wp-json\/wp\/v2\/users\/1"}],"replies":[{"embeddable":true,"href":"https:\/\/senoticias.com.br\/se\/wp-json\/wp\/v2\/comments?post=41937"}],"version-history":[{"count":0,"href":"https:\/\/senoticias.com.br\/se\/wp-json\/wp\/v2\/posts\/41937\/revisions"}],"wp:featuredmedia":[{"embeddable":true,"href":"https:\/\/senoticias.com.br\/se\/wp-json\/wp\/v2\/media\/41939"}],"wp:attachment":[{"href":"https:\/\/senoticias.com.br\/se\/wp-json\/wp\/v2\/media?parent=41937"}],"wp:term":[{"taxonomy":"category","embeddable":true,"href":"https:\/\/senoticias.com.br\/se\/wp-json\/wp\/v2\/categories?post=41937"},{"taxonomy":"post_tag","embeddable":true,"href":"https:\/\/senoticias.com.br\/se\/wp-json\/wp\/v2\/tags?post=41937"}],"curies":[{"name":"wp","href":"https:\/\/api.w.org\/{rel}","templated":true}]}}