{"id":41934,"date":"2012-12-06T22:45:14","date_gmt":"2012-12-07T01:45:14","guid":{"rendered":"http:\/\/senoticias.com.br\/se\/?p=41934"},"modified":"2012-12-06T23:40:05","modified_gmt":"2012-12-07T02:40:05","slug":"por-unanimidade-stj-decidiu-pelo-retorno-de-flavio-conceicao-ao-tce","status":"publish","type":"post","link":"https:\/\/senoticias.com.br\/se\/por-unanimidade-stj-decidiu-pelo-retorno-de-flavio-conceicao-ao-tce\/","title":{"rendered":"Por unanimidade STJ decidiu pelo retorno de Fl\u00e1vio Concei\u00e7\u00e3o ao TCE"},"content":{"rendered":"<p><span style=\"color: #333333;\"><strong>Reda\u00e7\u00e3o Fax Aju<\/strong><\/span><\/p>\n<div id=\"attachment_41935\" style=\"width: 286px\" class=\"wp-caption alignleft\"><a href=\"http:\/\/senoticias.com.br\/se\/wp-content\/uploads\/2012\/12\/Fl\u00e1vio.jpg\"><img loading=\"lazy\" decoding=\"async\" aria-describedby=\"caption-attachment-41935\" class=\"size-full wp-image-41935\" title=\"Fl\u00e1vio\" src=\"http:\/\/senoticias.com.br\/se\/wp-content\/uploads\/2012\/12\/Fl\u00e1vio.jpg\" alt=\"\" width=\"276\" height=\"183\" \/><\/a><p id=\"caption-attachment-41935\" class=\"wp-caption-text\">STJ DECIDIU PELO RETORNO DE FL\u00c1VIO CONCEI\u00c7\u00c3O AO TCE. (FOTO: REPRODU\u00c7\u00c3O)<\/p><\/div>\n<p style=\"text-align: justify;\">O Superior Tribunal de Justi\u00e7a (STJ) em sess\u00e3o plen\u00e1ria realizada no in\u00edcio da noite desta quinta-feira (06) anulou decis\u00e3o do Tribunal de Justi\u00e7a do Estado de Sergipe que aposenta o conselheiro Fl\u00e1vio Concei\u00e7\u00e3o do Tribunal de Contas do Estado de Sergipe (TCE).<\/p>\n<p style=\"text-align: justify;\">Por unanimidade, o STJ determinou o retorno \u00e0 ativa de Fl\u00e1vio Concei\u00e7\u00e3o ao Tribunal de Contas, para retomar as suas atividades como conselheiro.<\/p>\n<p style=\"text-align: justify;\">O advogado Gilberto Vieira, que fez a defesa de Fl\u00e1vio Concei\u00e7\u00e3o, diz que vai aguardar a publica\u00e7\u00e3o do resultado do julgamento, que ser\u00e1 feito na pr\u00f3xima semana, para decidir quais as provid\u00eancias a tomar.<\/p>\n<p style=\"text-align: justify;\">O Superior Tribunal de Justi\u00e7a j\u00e1 comunicou a decis\u00e3o ao Tribunal de Justi\u00e7a de Sergipe loco ap\u00f3s o julgamento. Ainda cabe recurso junto ao Superior Tribunal Federal (STF).<\/p>\n","protected":false},"excerpt":{"rendered":"<p>Reda\u00e7\u00e3o Fax Aju O Superior Tribunal de Justi\u00e7a (STJ) em sess\u00e3o plen\u00e1ria realizada no in\u00edcio da noite desta quinta-feira (06) anulou decis\u00e3o do Tribunal de Justi\u00e7a do Estado de Sergipe que aposenta o conselheiro Fl\u00e1vio Concei\u00e7\u00e3o do Tribunal de Contas do Estado de Sergipe (TCE). Por unanimidade, o STJ determinou o retorno \u00e0 ativa de [&hellip;]<\/p>\n","protected":false},"author":1,"featured_media":41935,"comment_status":"closed","ping_status":"closed","sticky":false,"template":"","format":"standard","meta":{"footnotes":""},"categories":[15,6],"tags":[],"class_list":{"0":"post-41934","1":"post","2":"type-post","3":"status-publish","4":"format-standard","5":"has-post-thumbnail","7":"category-destaques","8":"category-politica"},"_links":{"self":[{"href":"https:\/\/senoticias.com.br\/se\/wp-json\/wp\/v2\/posts\/41934"}],"collection":[{"href":"https:\/\/senoticias.com.br\/se\/wp-json\/wp\/v2\/posts"}],"about":[{"href":"https:\/\/senoticias.com.br\/se\/wp-json\/wp\/v2\/types\/post"}],"author":[{"embeddable":true,"href":"https:\/\/senoticias.com.br\/se\/wp-json\/wp\/v2\/users\/1"}],"replies":[{"embeddable":true,"href":"https:\/\/senoticias.com.br\/se\/wp-json\/wp\/v2\/comments?post=41934"}],"version-history":[{"count":0,"href":"https:\/\/senoticias.com.br\/se\/wp-json\/wp\/v2\/posts\/41934\/revisions"}],"wp:featuredmedia":[{"embeddable":true,"href":"https:\/\/senoticias.com.br\/se\/wp-json\/wp\/v2\/media\/41935"}],"wp:attachment":[{"href":"https:\/\/senoticias.com.br\/se\/wp-json\/wp\/v2\/media?parent=41934"}],"wp:term":[{"taxonomy":"category","embeddable":true,"href":"https:\/\/senoticias.com.br\/se\/wp-json\/wp\/v2\/categories?post=41934"},{"taxonomy":"post_tag","embeddable":true,"href":"https:\/\/senoticias.com.br\/se\/wp-json\/wp\/v2\/tags?post=41934"}],"curies":[{"name":"wp","href":"https:\/\/api.w.org\/{rel}","templated":true}]}}