{"id":41931,"date":"2012-12-06T16:11:24","date_gmt":"2012-12-06T19:11:24","guid":{"rendered":"http:\/\/senoticias.com.br\/se\/?p=41931"},"modified":"2012-12-07T11:11:56","modified_gmt":"2012-12-07T14:11:56","slug":"trese-acata-parecer-do-mp-eleitoral-e-confirma-inelegibilidade-de-4-condenados","status":"publish","type":"post","link":"https:\/\/senoticias.com.br\/se\/trese-acata-parecer-do-mp-eleitoral-e-confirma-inelegibilidade-de-4-condenados\/","title":{"rendered":"TRE\/SE acata parecer do MP Eleitoral e confirma inelegibilidade de 4 condenados"},"content":{"rendered":"<p>&nbsp;<\/p>\n<p style=\"text-align: justify;\"><a href=\"http:\/\/senoticias.com.br\/se\/wp-content\/uploads\/2012\/12\/TRE.jpg\"><img loading=\"lazy\" decoding=\"async\" class=\"alignleft size-full wp-image-41932\" title=\"TRE\" src=\"http:\/\/senoticias.com.br\/se\/wp-content\/uploads\/2012\/12\/TRE.jpg\" alt=\"\" width=\"300\" height=\"165\" \/><\/a>O Tribunal Regional Eleitoral em Sergipe (TRE\/SE) acatou o parecer do Minist\u00e9rio P\u00fablico Eleitoral e manteve a condena\u00e7\u00e3o de Ant\u00f4nio Fernandes Rodrigues Santos e Elisandra e Almeida Santos, do munic\u00edpio de Monte Alegre, e Carlos Hagenbeck e Everton Souza Santos, de Laranjeiras. Os quatro foram condenados a ficarem ineleg\u00edveis por oito anos por terem negociado vantagens em troca de votos.<\/p>\n<p style=\"text-align: justify;\">No caso de Monte Alegre, Ant\u00f4nio Fernandes Rodrigues Santos, candidato derrotado a prefeito, e sua esposa Elisandra de Almeida Santos foram condenados por terem pago consultas m\u00e9dicas, contas de \u00e1gua e energia el\u00e9trica e outros benef\u00edcios em troca de votos. Os dois tamb\u00e9m dever\u00e3o pagar multa, que no julgamento do recurso, foi reduzida de R$ 53.205 para R$ 26.602,50. No mesmo julgamento, Genivaldo Barboza, candidato a vice-prefeito na chapa de Ant\u00f4nio Fernandes, foi inocentado das acusa\u00e7\u00f5es.<\/p>\n<p style=\"text-align: justify;\">J\u00e1 em Laranjeiras, Carlos Hagenbeck, candidato a deputado federal, e seu cabo eleitoral Everton Souza Santos foram condenados por oferecer empregos a eleitores em troca de votos na elei\u00e7\u00e3o de 2010. O TRE-SE manteve a condena\u00e7\u00e3o de 08 anos de inelegibilidade para os dois r\u00e9us, al\u00e9m de pagamento de multa de R$ 15.961,50.<\/p>\n<p style=\"text-align: justify;\">MPF\/SE<\/p>\n","protected":false},"excerpt":{"rendered":"<p>&nbsp; O Tribunal Regional Eleitoral em Sergipe (TRE\/SE) acatou o parecer do Minist\u00e9rio P\u00fablico Eleitoral e manteve a condena\u00e7\u00e3o de Ant\u00f4nio Fernandes Rodrigues Santos e Elisandra e Almeida Santos, do munic\u00edpio de Monte Alegre, e Carlos Hagenbeck e Everton Souza Santos, de Laranjeiras. Os quatro foram condenados a ficarem ineleg\u00edveis por oito anos por terem [&hellip;]<\/p>\n","protected":false},"author":1,"featured_media":41932,"comment_status":"closed","ping_status":"closed","sticky":false,"template":"","format":"standard","meta":{"footnotes":""},"categories":[6],"tags":[],"class_list":{"0":"post-41931","1":"post","2":"type-post","3":"status-publish","4":"format-standard","5":"has-post-thumbnail","7":"category-politica"},"_links":{"self":[{"href":"https:\/\/senoticias.com.br\/se\/wp-json\/wp\/v2\/posts\/41931"}],"collection":[{"href":"https:\/\/senoticias.com.br\/se\/wp-json\/wp\/v2\/posts"}],"about":[{"href":"https:\/\/senoticias.com.br\/se\/wp-json\/wp\/v2\/types\/post"}],"author":[{"embeddable":true,"href":"https:\/\/senoticias.com.br\/se\/wp-json\/wp\/v2\/users\/1"}],"replies":[{"embeddable":true,"href":"https:\/\/senoticias.com.br\/se\/wp-json\/wp\/v2\/comments?post=41931"}],"version-history":[{"count":0,"href":"https:\/\/senoticias.com.br\/se\/wp-json\/wp\/v2\/posts\/41931\/revisions"}],"wp:featuredmedia":[{"embeddable":true,"href":"https:\/\/senoticias.com.br\/se\/wp-json\/wp\/v2\/media\/41932"}],"wp:attachment":[{"href":"https:\/\/senoticias.com.br\/se\/wp-json\/wp\/v2\/media?parent=41931"}],"wp:term":[{"taxonomy":"category","embeddable":true,"href":"https:\/\/senoticias.com.br\/se\/wp-json\/wp\/v2\/categories?post=41931"},{"taxonomy":"post_tag","embeddable":true,"href":"https:\/\/senoticias.com.br\/se\/wp-json\/wp\/v2\/tags?post=41931"}],"curies":[{"name":"wp","href":"https:\/\/api.w.org\/{rel}","templated":true}]}}