{"id":41929,"date":"2012-12-06T15:54:08","date_gmt":"2012-12-06T18:54:08","guid":{"rendered":"http:\/\/senoticias.com.br\/se\/?p=41929"},"modified":"2012-12-06T16:05:27","modified_gmt":"2012-12-06T19:05:27","slug":"cafe-com-os-vereadores%e2%80%9d-acontecera-na-sede-do-sindiprev","status":"publish","type":"post","link":"https:\/\/senoticias.com.br\/se\/cafe-com-os-vereadores%e2%80%9d-acontecera-na-sede-do-sindiprev\/","title":{"rendered":"F\u00f3rum em Defesa da Grande Aracaju realiza \u201cCaf\u00e9 da Manh\u00e3\u201d com os Vereadores eleitos"},"content":{"rendered":"<p>&nbsp;<\/p>\n<div id=\"attachment_28961\" style=\"width: 285px\" class=\"wp-caption alignleft\"><a href=\"http:\/\/senoticias.com.br\/se\/wp-content\/uploads\/2012\/04\/grande-firmo2_camara_0308.jpg\"><img loading=\"lazy\" decoding=\"async\" aria-describedby=\"caption-attachment-28961\" class=\"size-medium wp-image-28961\" title=\"grande-firmo2_camara_0308\" src=\"http:\/\/senoticias.com.br\/se\/wp-content\/uploads\/2012\/04\/grande-firmo2_camara_0308-275x300.jpg\" alt=\"\" width=\"275\" height=\"300\" srcset=\"https:\/\/senoticias.com.br\/se\/wp-content\/uploads\/2012\/04\/grande-firmo2_camara_0308-275x300.jpg 275w, https:\/\/senoticias.com.br\/se\/wp-content\/uploads\/2012\/04\/grande-firmo2_camara_0308-342x372.jpg 342w, https:\/\/senoticias.com.br\/se\/wp-content\/uploads\/2012\/04\/grande-firmo2_camara_0308-300x326.jpg 300w, https:\/\/senoticias.com.br\/se\/wp-content\/uploads\/2012\/04\/grande-firmo2_camara_0308.jpg 482w\" sizes=\"(max-width: 275px) 100vw, 275px\" \/><\/a><p id=\"caption-attachment-28961\" class=\"wp-caption-text\">Jos\u00e9 Firmo, presidente do F\u00f3rum em defesa de Aracaju. \/ Reprodu\u00e7\u00e3o.<\/p><\/div>\n<p style=\"text-align: justify;\">O F\u00f3rum em Defesa da Grande Aracaju convida voc\u00ea para participar do \u201cCaf\u00e9 com os Vereadores\u201d, que acontecer\u00e1 na Sede do Sindiprev, na Rua Vila Cristina, no bairro S\u00e3o Jos\u00e9, sexta-feira, 7, \u00e0s 7h. O ato tem como principal objetivo recepcionar os quinze vereadores rec\u00e9m-eleitos. A ideia \u00e9 manter um primeiro contato com os vereadores que se elegeram para a pr\u00f3xima legislatura e apresentar os projetos de lei que tramitam na C\u00e2mara Municipal, assim como as emendas do f\u00f3rum.<\/p>\n<p style=\"text-align: justify;\">Al\u00e9m disso, o \u201cCaf\u00e9 com os vereadores\u201d servir\u00e1 para reunir personalidades, autoridades e estudiosos de Sergipe que debatem o tema Plano Diretor.<\/p>\n<p style=\"text-align: justify;\">Entre os convidados est\u00e3o o Promotor de Justi\u00e7a Sandro Luiz da Costa; o engenheiro, professor universit\u00e1rio e ex-assessor t\u00e9cnico da C\u00e2mara Municipal na revis\u00e3o do Plano Diretor de Desenvolvimento Urbano sustent\u00e1vel (PDDUS), Juan Carlos Gortaire Cordovez; o vereador e vice-refeito eleito da Barra dos Coqueiros, especialista em Gest\u00e3o Urbana e Planejamento Municipal Cl\u00e1udio Barreto (Caducha); a Deputada Estadual Ana L\u00facia Vieira Menezes; o presidente da CUT, Rubens Marques (Dudu) e o advogado Clarkson Ramos.<\/p>\n<p style=\"text-align: justify;\">Tamb\u00e9m far\u00e3o parte do ato representantes de entidades que ap\u00f3iam o f\u00f3rum, como a CUT, o Sintese, o Sindiprev, o Sindijus, o Senge, o Sintufs e a Adufs.<\/p>\n<p style=\"text-align: justify;\">Vamos ainda prestar homenagem aos vereadores Bertulino Menezes (PSB), Doutor Emerson (PT), Moritos Matos (PDT) e Josenito Vitale (DEM), que se mantiveram firmes na defesa das propostas da popula\u00e7\u00e3o, transformadas em emendas populares, enquanto que a maioria dos vereadores preferiu rejeitar essas emendas populares.<\/p>\n<p style=\"text-align: justify;\">Tamb\u00e9m ser\u00e1 homenageada a Deputada Estadual Ana L\u00facia (PT), por ser a \u00fanica integrante do Poder Legislativo Estadual que acompanhou, debateu e participou ativamente da revis\u00e3o do Plano Diretor da capital sergipana.<\/p>\n<p style=\"text-align: justify;\"><strong>Assessoria de Imprensa<\/strong><\/p>\n","protected":false},"excerpt":{"rendered":"<p>&nbsp; O F\u00f3rum em Defesa da Grande Aracaju convida voc\u00ea para participar do \u201cCaf\u00e9 com os Vereadores\u201d, que acontecer\u00e1 na Sede do Sindiprev, na Rua Vila Cristina, no bairro S\u00e3o Jos\u00e9, sexta-feira, 7, \u00e0s 7h. O ato tem como principal objetivo recepcionar os quinze vereadores rec\u00e9m-eleitos. A ideia \u00e9 manter um primeiro contato com os [&hellip;]<\/p>\n","protected":false},"author":1,"featured_media":28961,"comment_status":"closed","ping_status":"closed","sticky":false,"template":"","format":"standard","meta":{"footnotes":""},"categories":[6],"tags":[],"class_list":{"0":"post-41929","1":"post","2":"type-post","3":"status-publish","4":"format-standard","5":"has-post-thumbnail","7":"category-politica"},"_links":{"self":[{"href":"https:\/\/senoticias.com.br\/se\/wp-json\/wp\/v2\/posts\/41929"}],"collection":[{"href":"https:\/\/senoticias.com.br\/se\/wp-json\/wp\/v2\/posts"}],"about":[{"href":"https:\/\/senoticias.com.br\/se\/wp-json\/wp\/v2\/types\/post"}],"author":[{"embeddable":true,"href":"https:\/\/senoticias.com.br\/se\/wp-json\/wp\/v2\/users\/1"}],"replies":[{"embeddable":true,"href":"https:\/\/senoticias.com.br\/se\/wp-json\/wp\/v2\/comments?post=41929"}],"version-history":[{"count":0,"href":"https:\/\/senoticias.com.br\/se\/wp-json\/wp\/v2\/posts\/41929\/revisions"}],"wp:featuredmedia":[{"embeddable":true,"href":"https:\/\/senoticias.com.br\/se\/wp-json\/wp\/v2\/media\/28961"}],"wp:attachment":[{"href":"https:\/\/senoticias.com.br\/se\/wp-json\/wp\/v2\/media?parent=41929"}],"wp:term":[{"taxonomy":"category","embeddable":true,"href":"https:\/\/senoticias.com.br\/se\/wp-json\/wp\/v2\/categories?post=41929"},{"taxonomy":"post_tag","embeddable":true,"href":"https:\/\/senoticias.com.br\/se\/wp-json\/wp\/v2\/tags?post=41929"}],"curies":[{"name":"wp","href":"https:\/\/api.w.org\/{rel}","templated":true}]}}