{"id":41916,"date":"2012-12-06T11:30:40","date_gmt":"2012-12-06T14:30:40","guid":{"rendered":"http:\/\/senoticias.com.br\/se\/?p=41916"},"modified":"2013-05-18T12:56:31","modified_gmt":"2013-05-18T15:56:31","slug":"vereador-acusa-pai-do-prefeito-alex-rocha-de-praticar-%e2%80%9cmalandragem-financeira%e2%80%9d-em-sao-cristovao","status":"publish","type":"post","link":"https:\/\/senoticias.com.br\/se\/vereador-acusa-pai-do-prefeito-alex-rocha-de-praticar-%e2%80%9cmalandragem-financeira%e2%80%9d-em-sao-cristovao\/","title":{"rendered":"Vereador acusa pai do prefeito Alex Rocha de praticar \u201cmalandragem financeira\u201d em S\u00e3o Crist\u00f3v\u00e3o"},"content":{"rendered":"<p>&nbsp;<\/p>\n<div id=\"attachment_41926\" style=\"width: 210px\" class=\"wp-caption alignleft\"><a href=\"http:\/\/senoticias.com.br\/se\/wp-content\/uploads\/2012\/12\/Morgan-200x150.png\"><img loading=\"lazy\" decoding=\"async\" aria-describedby=\"caption-attachment-41926\" class=\"size-full wp-image-41926\" title=\"Morgan-200x150\" src=\"http:\/\/senoticias.com.br\/se\/wp-content\/uploads\/2012\/12\/Morgan-200x150.png\" alt=\"\" width=\"200\" height=\"150\" srcset=\"https:\/\/senoticias.com.br\/se\/wp-content\/uploads\/2012\/12\/Morgan-200x150.png 200w, https:\/\/senoticias.com.br\/se\/wp-content\/uploads\/2012\/12\/Morgan-200x150-60x45.png 60w, https:\/\/senoticias.com.br\/se\/wp-content\/uploads\/2012\/12\/Morgan-200x150-150x113.png 150w\" sizes=\"(max-width: 200px) 100vw, 200px\" \/><\/a><p id=\"caption-attachment-41926\" class=\"wp-caption-text\">Morgan Prado, ex-secret\u00e1rio de Educa\u00e7\u00e3o e vereador eleito de S\u00e3o Crist\u00f3v\u00e3o. (Foto: reprodu\u00e7\u00e3o)<\/p><\/div>\n<p style=\"text-align: justify;\">Servidores da Secretaria Municipal de Educa\u00e7\u00e3o de S\u00e3o Crist\u00f3v\u00e3o realizaram um ato p\u00fablico, nesta quarta-feira (05), para protestar contra o atraso de sal\u00e1rios. Os trabalhadores denunciam que h\u00e1 dois meses n\u00e3o recebem sal\u00e1rio.<\/p>\n<p style=\"text-align: justify;\">De acordo com o professor Morgan Prado, ex-secret\u00e1rio de Educa\u00e7\u00e3o e vereador eleito de S\u00e3o Crist\u00f3v\u00e3o, o secret\u00e1rio de Finan\u00e7as, Lauro Rocha, estaria fazendo \u201cmalandragem financeira\u201d para prejudicar os servidores. Morgan denuncia que h\u00e1 um planejamento maquiav\u00e9lico para n\u00e3o pagar o sal\u00e1rio dos funcion\u00e1rios.<\/p>\n<p style=\"text-align: justify;\">\u201cEle concentra os recursos pra depois fazer o repasse. Ai ele jogou um ca\u00f4, como chamam na linguagem do malandro,\u00a0em cima de dois secret\u00e1rios e principalmente dos servidores que o dinheiro estava bloqueado. S\u00f3 que ele ficou desmoralizado por que o \u00a0juiz provou que n\u00e3o h\u00e1 mais bloqueio. Ele est\u00e1 fazendo uma malandragem financeira. N\u00e3o paga aos servidores, mas est\u00e1 pagando a amigos e fornecedores. \u00c9 um planejamento, uma arquitetura maquiav\u00e9lica entre o secret\u00e1rio de Administra\u00e7\u00e3o (Manoel Barros), o pai (Lauro Rocha) e o prefeito (Alex Rocha) para n\u00e3o pagar aos servidores. O melhor seria Alex tirar o pai dele e colocar um t\u00e9cnico\u201d, denunciou Morgan.<\/p>\n<p style=\"text-align: justify;\">O futuro vereador acredita que as medidas adotadas pelo secret\u00e1rio de Finan\u00e7as tenham a finalidade de atrapalhar a pr\u00f3xima administra\u00e7\u00e3o. Morgan disse estar envergonhado com a situa\u00e7\u00e3o por pertencer ao partido do prefeito.<\/p>\n<p style=\"text-align: justify;\">\u201cIsso tudo pode ser para inviabilizar a pr\u00f3xima gest\u00e3o ou para ajudar os amigos, os apadrinhados e os outros que se danem. Isso tudo me envergonha por que eu sou do PDT, o partido do prefeito, mas eu n\u00e3o concordo com isso. Ele sabe que estou reivindicando os direitos dos trabalhadores da educa\u00e7\u00e3o. Defendi os professores quando secret\u00e1rio e vou continuar defendendo ainda mais agora como vereador. Quem n\u00e3o quiser problema com o professor Morgan que respeite o professor, o servidor p\u00fablico\u201d, advertiu.<\/p>\n<p style=\"text-align: justify;\"><span style=\"color: #333333;\"><strong>Da Reda\u00e7\u00e3o\/CajuNews\u00a0<\/strong><\/span><\/p>\n","protected":false},"excerpt":{"rendered":"<p>&nbsp; Servidores da Secretaria Municipal de Educa\u00e7\u00e3o de S\u00e3o Crist\u00f3v\u00e3o realizaram um ato p\u00fablico, nesta quarta-feira (05), para protestar contra o atraso de sal\u00e1rios. Os trabalhadores denunciam que h\u00e1 dois meses n\u00e3o recebem sal\u00e1rio. De acordo com o professor Morgan Prado, ex-secret\u00e1rio de Educa\u00e7\u00e3o e vereador eleito de S\u00e3o Crist\u00f3v\u00e3o, o secret\u00e1rio de Finan\u00e7as, Lauro [&hellip;]<\/p>\n","protected":false},"author":1,"featured_media":41926,"comment_status":"closed","ping_status":"closed","sticky":false,"template":"","format":"standard","meta":{"footnotes":""},"categories":[38,3],"tags":[],"class_list":{"0":"post-41916","1":"post","2":"type-post","3":"status-publish","4":"format-standard","5":"has-post-thumbnail","7":"category-municipios","8":"category-saocristovao"},"_links":{"self":[{"href":"https:\/\/senoticias.com.br\/se\/wp-json\/wp\/v2\/posts\/41916"}],"collection":[{"href":"https:\/\/senoticias.com.br\/se\/wp-json\/wp\/v2\/posts"}],"about":[{"href":"https:\/\/senoticias.com.br\/se\/wp-json\/wp\/v2\/types\/post"}],"author":[{"embeddable":true,"href":"https:\/\/senoticias.com.br\/se\/wp-json\/wp\/v2\/users\/1"}],"replies":[{"embeddable":true,"href":"https:\/\/senoticias.com.br\/se\/wp-json\/wp\/v2\/comments?post=41916"}],"version-history":[{"count":0,"href":"https:\/\/senoticias.com.br\/se\/wp-json\/wp\/v2\/posts\/41916\/revisions"}],"wp:featuredmedia":[{"embeddable":true,"href":"https:\/\/senoticias.com.br\/se\/wp-json\/wp\/v2\/media\/41926"}],"wp:attachment":[{"href":"https:\/\/senoticias.com.br\/se\/wp-json\/wp\/v2\/media?parent=41916"}],"wp:term":[{"taxonomy":"category","embeddable":true,"href":"https:\/\/senoticias.com.br\/se\/wp-json\/wp\/v2\/categories?post=41916"},{"taxonomy":"post_tag","embeddable":true,"href":"https:\/\/senoticias.com.br\/se\/wp-json\/wp\/v2\/tags?post=41916"}],"curies":[{"name":"wp","href":"https:\/\/api.w.org\/{rel}","templated":true}]}}