{"id":41911,"date":"2012-12-05T22:38:58","date_gmt":"2012-12-06T01:38:58","guid":{"rendered":"http:\/\/senoticias.com.br\/se\/?p=41911"},"modified":"2012-12-05T22:38:58","modified_gmt":"2012-12-06T01:38:58","slug":"informado-sobre-a-decisao-da-assembleia-deda-diz-que-vai-agir-com-firmeza-e-serenidade","status":"publish","type":"post","link":"https:\/\/senoticias.com.br\/se\/informado-sobre-a-decisao-da-assembleia-deda-diz-que-vai-agir-com-firmeza-e-serenidade\/","title":{"rendered":"Informado sobre a decis\u00e3o da Assembleia, D\u00e9da diz que vai agir com &#8220;firmeza e serenidade&#8221;"},"content":{"rendered":"<p>&nbsp;<\/p>\n<p style=\"text-align: justify;\"><span style=\"color: #333333;\"><strong>No retorno a Sergipe, o governador, que est\u00e1 em Bras\u00edlia, pretende ouvir as lideran\u00e7as aliadas do Governo sobre a decis\u00e3o da Assembleia Legislativa, que rejeitou os projetos do Proinveste<\/strong><\/span><\/p>\n<p style=\"text-align: justify;\">Ao ser informado sobre a decis\u00e3o da Assembleia Legislativa de Sergipe, que rejeitou os projetos do Proinveste e da Contrapartida do PAC (Programa de Acelera\u00e7\u00e3o do Crescimento) nesta quarta, 5, o governador Marcelo D\u00e9da disse que vai buscar mais informa\u00e7\u00f5es antes de se pronunciar. Para tanto, ele pretende ouvir os &#8220;relatos e avalia\u00e7\u00f5es&#8221; do vice-governador Jackson Barreto, da bancada governista e dos assessores que acompanharam a vota\u00e7\u00e3o.<\/p>\n<p style=\"text-align: justify;\">&#8220;\u00c9 hora de agir com firmeza e serenidade&#8221;, ponderou D\u00e9da. &#8220;A decis\u00e3o da Assembleia, no entanto, vai exigir que o Governo reveja prioridades, reelabore o seu Plano de Investimentos e execute um forte ajuste fiscal e financeiro, num clima de economia de guerra&#8221;, antecipou.<\/p>\n<p style=\"text-align: justify;\">Foram tr\u00eas os projetos rejeitados, todos encaminhados pelo Governo do Estado e que garantiriam R$ 727 milh\u00f5es em obras de infraestrutura. Parte dos recursos seria aplicada no alongamento da d\u00edvida estadual, o que aliviaria o caixa do Estado.<\/p>\n<p style=\"text-align: justify;\"><strong>Coutinho surpreso<\/strong><\/p>\n<p style=\"text-align: justify;\">A decis\u00e3o da Assembleia chegou ao Governador durante audi\u00eancia com o presidente do BNDES (Banco Nacional de Desenvolvimento Econ\u00f4mico e Social), Luciano Coutinho. Na reuni\u00e3o, nesta quarta, 5, em Bras\u00edlia, enquanto relatava as dificuldades com a aprova\u00e7\u00e3o dos projetos do Proinveste, D\u00e9da negociava prazos maiores para a tramita\u00e7\u00e3o das propostas no BNDES.<\/p>\n<p style=\"text-align: justify;\">&#8220;O presidente do BNDES simplesmente n\u00e3o acreditou que a autoriza\u00e7\u00e3o para os empr\u00e9stimos tinha sido rejeitada&#8221;, relatou o governador. &#8220;Que o menor estado da federa\u00e7\u00e3o estivesse recusando recursos t\u00e3o volumosos, cujo plano de aplica\u00e7\u00e3o em infraestrutura revestia-se da maior relev\u00e2ncia para o presente e para o futuro de Sergipe&#8221;.<\/p>\n<p style=\"text-align: justify;\">Mais uma vez, o governador lembrou que os recursos foram iniciativa da presidenta Dilma Rousseff aos estados que tinham suas contas em dia como forma de incentivar os investimentos locais &#8220;para estimular o crescimento da economia&#8221;. No encontro no BNDES, D\u00e9da tratou ainda dos programas Sergipe Cidades e Sergipe Infraestrutura.<\/p>\n<p style=\"text-align: justify;\">Os secret\u00e1rios Jo\u00e3o Andrade Vieira, da Fazenda, Jos\u00e9 Oliveira J\u00fanior, do Planejamento, e Pedro Lopes, do Governo, assessoram o Governador durante a reuni\u00e3o.<\/p>\n<p><strong>Secretaria de Estado da Comunica\u00e7\u00e3o Social<\/strong><br \/>\n<strong> Governo de Sergipe<\/strong><\/p>\n","protected":false},"excerpt":{"rendered":"<p>&nbsp; No retorno a Sergipe, o governador, que est\u00e1 em Bras\u00edlia, pretende ouvir as lideran\u00e7as aliadas do Governo sobre a decis\u00e3o da Assembleia Legislativa, que rejeitou os projetos do Proinveste Ao ser informado sobre a decis\u00e3o da Assembleia Legislativa de Sergipe, que rejeitou os projetos do Proinveste e da Contrapartida do PAC (Programa de Acelera\u00e7\u00e3o [&hellip;]<\/p>\n","protected":false},"author":1,"featured_media":0,"comment_status":"closed","ping_status":"closed","sticky":false,"template":"","format":"standard","meta":{"footnotes":""},"categories":[1],"tags":[],"class_list":{"0":"post-41911","1":"post","2":"type-post","3":"status-publish","4":"format-standard","6":"category-sem-categoria"},"_links":{"self":[{"href":"https:\/\/senoticias.com.br\/se\/wp-json\/wp\/v2\/posts\/41911"}],"collection":[{"href":"https:\/\/senoticias.com.br\/se\/wp-json\/wp\/v2\/posts"}],"about":[{"href":"https:\/\/senoticias.com.br\/se\/wp-json\/wp\/v2\/types\/post"}],"author":[{"embeddable":true,"href":"https:\/\/senoticias.com.br\/se\/wp-json\/wp\/v2\/users\/1"}],"replies":[{"embeddable":true,"href":"https:\/\/senoticias.com.br\/se\/wp-json\/wp\/v2\/comments?post=41911"}],"version-history":[{"count":0,"href":"https:\/\/senoticias.com.br\/se\/wp-json\/wp\/v2\/posts\/41911\/revisions"}],"wp:attachment":[{"href":"https:\/\/senoticias.com.br\/se\/wp-json\/wp\/v2\/media?parent=41911"}],"wp:term":[{"taxonomy":"category","embeddable":true,"href":"https:\/\/senoticias.com.br\/se\/wp-json\/wp\/v2\/categories?post=41911"},{"taxonomy":"post_tag","embeddable":true,"href":"https:\/\/senoticias.com.br\/se\/wp-json\/wp\/v2\/tags?post=41911"}],"curies":[{"name":"wp","href":"https:\/\/api.w.org\/{rel}","templated":true}]}}