{"id":41908,"date":"2012-12-05T21:55:48","date_gmt":"2012-12-06T00:55:48","guid":{"rendered":"http:\/\/senoticias.com.br\/se\/?p=41908"},"modified":"2012-12-06T23:00:43","modified_gmt":"2012-12-07T02:00:43","slug":"morre-no-rio-o-arquiteto-oscar-niemeyer-aos-104-anos","status":"publish","type":"post","link":"https:\/\/senoticias.com.br\/se\/morre-no-rio-o-arquiteto-oscar-niemeyer-aos-104-anos\/","title":{"rendered":"Morre no Rio o arquiteto Oscar Niemeyer aos 104 anos"},"content":{"rendered":"<p>&nbsp;<\/p>\n<p>&nbsp;<\/p>\n<p><strong>Do G1 Rio<\/strong><\/p>\n<p><span style=\"color: #333333;\"><strong>Arquiteto de 104 anos estava internado desde 2 de novembro em Botafogo.<\/strong><\/span><br \/>\n<span style=\"color: #333333;\"><strong> Reconhecido internacionalmente, ele faria 105 anos em 15 de dezembro.<\/strong><\/span><\/p>\n<p>&nbsp;<\/p>\n<div id=\"attachment_41910\" style=\"width: 605px\" class=\"wp-caption aligncenter\"><a href=\"http:\/\/senoticias.com.br\/se\/wp-content\/uploads\/2012\/12\/Nieymar.jpg\"><img loading=\"lazy\" decoding=\"async\" aria-describedby=\"caption-attachment-41910\" class=\"size-full wp-image-41910\" title=\"Nieymar\" src=\"http:\/\/senoticias.com.br\/se\/wp-content\/uploads\/2012\/12\/Nieymar.jpg\" alt=\"\" width=\"595\" height=\"446\" srcset=\"https:\/\/senoticias.com.br\/se\/wp-content\/uploads\/2012\/12\/Nieymar.jpg 595w, https:\/\/senoticias.com.br\/se\/wp-content\/uploads\/2012\/12\/Nieymar-300x224.jpg 300w, https:\/\/senoticias.com.br\/se\/wp-content\/uploads\/2012\/12\/Nieymar-342x256.jpg 342w, https:\/\/senoticias.com.br\/se\/wp-content\/uploads\/2012\/12\/Nieymar-60x45.jpg 60w, https:\/\/senoticias.com.br\/se\/wp-content\/uploads\/2012\/12\/Nieymar-150x113.jpg 150w, https:\/\/senoticias.com.br\/se\/wp-content\/uploads\/2012\/12\/Nieymar-269x201.jpg 269w\" sizes=\"(max-width: 595px) 100vw, 595px\" \/><\/a><p id=\"caption-attachment-41910\" class=\"wp-caption-text\">Arquiteto morreu, aos 104 anos, no Rio de Janeiro (Foto: Reuters)<\/p><\/div>\n<p style=\"text-align: justify;\">O arquiteto Oscar Niemeyer, de 104 anos, morreu no Rio. Ele estava internado desde 2 de novembro, no Hospital Samaritano, em Botafogo, na Zona Sul. Reconhecido internacionalmente por suas obras, Niemeyer completaria 105 anos em15 de dezembro. A morte dele foi confirmada \u00e0s <strong>21h55.<\/strong><\/p>\n<p>Nesta quarta-feira (5), um boletim m\u00e9dico informava que o estado de sa\u00fade do arquiteto havia piorado e era considerado grave.<\/p>\n<p>Ainda segundo o hospital, Niemeyer respirava com a ajuda de aparelhos e encontrava-se sedado por causa de uma infec\u00e7\u00e3o respirat\u00f3ria.<\/p>\n<p>O hospital informou tamb\u00e9m que a piora do quadro cl\u00ednico do paciente aconteceu ap\u00f3s a visita do m\u00e9dico Fernando Gjorup nesta quarta-feira.<\/p>\n<p><strong>Hist\u00f3rico de interna\u00e7\u00f5es<\/strong><\/p>\n<p style=\"text-align: justify;\">O arquiteto foi internado v\u00e1rias vezes ao longo dos \u00faltimos anos. A \u00faltima foi em 2 de novembro, quando voltou ao Samaritano, seis dias depois de ter recebido alta. Desta vez, Niemeyer foi submetido a tratamento de hemodi\u00e1lise e fisioterapia respirat\u00f3ria.<\/p>\n<p style=\"text-align: justify;\">No dia 13 de outubro, o arquiteto deu entrada no Hospital Samaritano ap\u00f3s sentir-se mal, apresentando um quadro de desidrata\u00e7\u00e3o. Ele ficou internado por duas semanas.<\/p>\n<p>Em maio, Niemeyer tamb\u00e9m esteve internado no mesmo hospital, quando deu entrada com desidrata\u00e7\u00e3o e pneumonia. Depois de 16 dias, com passagem pela UTI, recebeu alta.<\/p>\n<p>Em abril de 2011, o arquiteto ficou internado por 12 dias por causa de uma infec\u00e7\u00e3o urin\u00e1ria. Tamb\u00e9m j\u00e1 foi submetido a cirurgias para a retirada da ves\u00edcula e de um tumor no intestino.<\/p>\n<p>Em 2010, Niemeyer tamb\u00e9m foi internado em abril, devido a uma infec\u00e7\u00e3o urin\u00e1ria.<\/p>\n<p style=\"text-align: justify;\">Em 2009, o arquiteto ficou internado por 24 dias no Samaritano, entre setembro e outubro, ap\u00f3s dores abdominais. Ele chegou a passar por uma cirurgia para retirar um tumor no intestino grosso, uma semana depois de ter sido operado para a retirada de um c\u00e1lculo na ves\u00edcula.<\/p>\n<p style=\"text-align: justify;\">Em junho do mesmo ano, o arquiteto foi internado no hospital Cardiotrauma de Ipanema, tamb\u00e9m na Zona Sul, queixando-se de dores lombares. Ele passou por uma bateria de exames e recebeu alta m\u00e9dica algumas horas depois. Na ocasi\u00e3o, exames de sangue e uma tomografia indicaram que Niemeyer estava apenas com uma lombalgia.<\/p>\n<p style=\"text-align: justify;\">Em 2006, o arquiteto chegou a ficar 11 dias internado, ap\u00f3s sofrer uma queda e passar por uma cirurgia.<\/p>\n<p><strong>Filha do arquiteto morreu em junho<\/strong><\/p>\n<p>A designer Anna Maria Niemeyer, \u00fanica filha de Oscar Niemeyer, morreu aos 82 anos, em consequ\u00eancia de um enfisema pulmonar, em 6 de junho.<\/p>\n<p>Segundo o administrador Carlos Oscar Niemeyer, filho de Anna, o av\u00f4 esteve pela \u00faltima vez com sua m\u00e3e, tr\u00eas dias antes, durante uma visita ao Hospital Samaritano, onde Anna Maria ficou mais de 40 dias internada.<\/p>\n<p>Ainda de acordo com Carlos Oscar, durante o tratamento, Anna chegou a receber alta, mas voltou a ser internada no dia 1\u00ba de junho. Ela teve cinco filhos,13 netos e quatro bisnetos.<\/p>\n<p style=\"text-align: justify;\">Carlos Oscar contou que sua m\u00e3e e o av\u00f4 eram muito pr\u00f3ximos e costumavam se falar todos os dias. Ele disse que Niemeyer ficou muito abalado ao receber a not\u00edcia da morte da \u00fanica filha.<\/p>\n<p style=\"text-align: justify;\">&#8220;O pai receber a not\u00edcia da morte de um filho \u00e9 uma coisa extremamente dif\u00edcil, imagina para um pai de 104 anos, a situa\u00e7\u00e3o \u00e9 ainda mais complicada&#8221;, comentou Carlos, durante o sepultamento de Anna Maria Niemeyer.<\/p>\n<p style=\"text-align: justify;\">Oscar Niemeyer manifestou vontade de ir ao enterro da filha no Cemit\u00e9rio S\u00e3o Jo\u00e3o Batista, em Botafogo. Mas, de acordo com os parentes, ele n\u00e3o compareceu ap\u00f3s os m\u00e9dicos avaliarem que as condi\u00e7\u00f5es de sa\u00fade do arquiteto n\u00e3o eram favor\u00e1veis.<\/p>\n<p><strong>Visita \u00e0 Passarela do Samba<\/strong><\/p>\n<p style=\"text-align: justify;\">Em fevereiro, Niemeyer fez uma visita ao Samb\u00f3dromo, durante a fase final das obras de reforma da Passarela do Samba que mantiveram o tra\u00e7ado original que o arquiteto projetou h\u00e1 30 anos. Ele enfrentou o sol forte de meio-dia e percorreu num carrinho aberto toda a extens\u00e3o da Avenida.<\/p>\n<p style=\"text-align: justify;\">&#8220;Est\u00e1 muito bom. Melhorou muito. Este n\u00e3o \u00e9 um trabalho s\u00f3 meu, \u00e9 o trabalho de um grupo. Estou entusiasmado&#8221;, disse Niemeyer, na ocasi\u00e3o.<\/p>\n<p style=\"text-align: justify;\">O projeto de Niemeyer previa um equil\u00edbrio entre os dois lados da Sapuca\u00ed, como se fosse um espelho. Com a obra, a Sapuca\u00ed passou a ter 12.500 lugares a mais, podendo acomodar 72.500 pessoas.<\/p>\n<p style=\"text-align: justify;\"><strong>Trabalho em ateli\u00ea para festejar 104 anos<\/strong><\/p>\n<p style=\"text-align: justify;\">Autor de mais de 600 projetos arquitet\u00f4nicos, Niemeyer decidiu festejar os seus 104 anos do jeito que mais gostava: trabalhando em seu ateli\u00ea de janelas amplas diante da Praia de Copacabana, na Zona Sul do Rio.<\/p>\n<p style=\"text-align: justify;\">Em agosto de 2011, ele lan\u00e7ou o livro &#8220;As igrejas de Oscar Niemeyer&#8221; (Editora Nosso Caminho), na galeria de um shopping da Zona Sul do Rio.<\/p>\n<p style=\"text-align: justify;\">Embora ateu convicto, o arquiteto selecionou fotos e desenhos das 16 obras religiosas, entre capelas e igrejas, que realizou ao longo de sua carreira.<\/p>\n<p style=\"text-align: justify;\">&#8220;As pessoas se espantam pelo fato de, mesmo sendo comunista, me interessar pelas igrejas. E a coisa \u00e9 t\u00e3o natural. Eu morava com meus av\u00f3s, que eram religiosos. Tinha at\u00e9 missa na minha casa. E eu fui criado num clima assim. Esse passado junto da fam\u00edlia me deixou com a ideia de que os cat\u00f3licos s\u00e3o bons, que querem melhorar a vida e fazer um mundo melhor&#8221;, explicou Niemeyer, na ocasi\u00e3o.<\/p>\n","protected":false},"excerpt":{"rendered":"<p>&nbsp; &nbsp; Do G1 Rio Arquiteto de 104 anos estava internado desde 2 de novembro em Botafogo. Reconhecido internacionalmente, ele faria 105 anos em 15 de dezembro. &nbsp; O arquiteto Oscar Niemeyer, de 104 anos, morreu no Rio. Ele estava internado desde 2 de novembro, no Hospital Samaritano, em Botafogo, na Zona Sul. Reconhecido internacionalmente [&hellip;]<\/p>\n","protected":false},"author":1,"featured_media":41910,"comment_status":"closed","ping_status":"closed","sticky":false,"template":"","format":"standard","meta":{"footnotes":""},"categories":[310],"tags":[344],"class_list":{"0":"post-41908","1":"post","2":"type-post","3":"status-publish","4":"format-standard","5":"has-post-thumbnail","7":"category-destaques-da-semana","8":"tag-morre-oscar-niemeyer"},"_links":{"self":[{"href":"https:\/\/senoticias.com.br\/se\/wp-json\/wp\/v2\/posts\/41908"}],"collection":[{"href":"https:\/\/senoticias.com.br\/se\/wp-json\/wp\/v2\/posts"}],"about":[{"href":"https:\/\/senoticias.com.br\/se\/wp-json\/wp\/v2\/types\/post"}],"author":[{"embeddable":true,"href":"https:\/\/senoticias.com.br\/se\/wp-json\/wp\/v2\/users\/1"}],"replies":[{"embeddable":true,"href":"https:\/\/senoticias.com.br\/se\/wp-json\/wp\/v2\/comments?post=41908"}],"version-history":[{"count":0,"href":"https:\/\/senoticias.com.br\/se\/wp-json\/wp\/v2\/posts\/41908\/revisions"}],"wp:featuredmedia":[{"embeddable":true,"href":"https:\/\/senoticias.com.br\/se\/wp-json\/wp\/v2\/media\/41910"}],"wp:attachment":[{"href":"https:\/\/senoticias.com.br\/se\/wp-json\/wp\/v2\/media?parent=41908"}],"wp:term":[{"taxonomy":"category","embeddable":true,"href":"https:\/\/senoticias.com.br\/se\/wp-json\/wp\/v2\/categories?post=41908"},{"taxonomy":"post_tag","embeddable":true,"href":"https:\/\/senoticias.com.br\/se\/wp-json\/wp\/v2\/tags?post=41908"}],"curies":[{"name":"wp","href":"https:\/\/api.w.org\/{rel}","templated":true}]}}