{"id":41798,"date":"2012-12-03T11:26:34","date_gmt":"2012-12-03T14:26:34","guid":{"rendered":"http:\/\/senoticias.com.br\/se\/?p=41798"},"modified":"2012-12-04T08:41:48","modified_gmt":"2012-12-04T11:41:48","slug":"prf-apreende-100-quilos-de-derivados-de-leite-em-itabaiana","status":"publish","type":"post","link":"https:\/\/senoticias.com.br\/se\/prf-apreende-100-quilos-de-derivados-de-leite-em-itabaiana\/","title":{"rendered":"PRF apreende 100 quilos de derivados de leite em Itabaiana"},"content":{"rendered":"<div id=\"attachment_41799\" style=\"width: 310px\" class=\"wp-caption alignleft\"><a href=\"http:\/\/senoticias.com.br\/se\/wp-content\/uploads\/2012\/12\/PRF-apreende-100-quilos-de-derivados-de-leite-transportados-irregularmente-na-BR-235-30nov12.jpg\"><img loading=\"lazy\" decoding=\"async\" aria-describedby=\"caption-attachment-41799\" class=\"size-medium wp-image-41799\" title=\"\" src=\"http:\/\/senoticias.com.br\/se\/wp-content\/uploads\/2012\/12\/PRF-apreende-100-quilos-de-derivados-de-leite-transportados-irregularmente-na-BR-235-30nov12-300x225.jpg\" alt=\"\" width=\"300\" height=\"225\" srcset=\"https:\/\/senoticias.com.br\/se\/wp-content\/uploads\/2012\/12\/PRF-apreende-100-quilos-de-derivados-de-leite-transportados-irregularmente-na-BR-235-30nov12-300x225.jpg 300w, https:\/\/senoticias.com.br\/se\/wp-content\/uploads\/2012\/12\/PRF-apreende-100-quilos-de-derivados-de-leite-transportados-irregularmente-na-BR-235-30nov12-342x256.jpg 342w, https:\/\/senoticias.com.br\/se\/wp-content\/uploads\/2012\/12\/PRF-apreende-100-quilos-de-derivados-de-leite-transportados-irregularmente-na-BR-235-30nov12-60x45.jpg 60w, https:\/\/senoticias.com.br\/se\/wp-content\/uploads\/2012\/12\/PRF-apreende-100-quilos-de-derivados-de-leite-transportados-irregularmente-na-BR-235-30nov12-150x113.jpg 150w, https:\/\/senoticias.com.br\/se\/wp-content\/uploads\/2012\/12\/PRF-apreende-100-quilos-de-derivados-de-leite-transportados-irregularmente-na-BR-235-30nov12-269x201.jpg 269w, https:\/\/senoticias.com.br\/se\/wp-content\/uploads\/2012\/12\/PRF-apreende-100-quilos-de-derivados-de-leite-transportados-irregularmente-na-BR-235-30nov12.jpg 527w\" sizes=\"(max-width: 300px) 100vw, 300px\" \/><\/a><p id=\"caption-attachment-41799\" class=\"wp-caption-text\">PRF apreende 100 quilos de derivados de leite. (Foto: Ascom\/PRF)<\/p><\/div>\n<p style=\"text-align: justify;\">A Pol\u00edcia Rodovi\u00e1ria Federal (PRF) atendeu a doze acidentes nas BRs de Sergipe. Vinte ve\u00edculos se envolveram nos acidentes, seis pessoas ficaram feridas e n\u00e3o houve registro de mortes.<\/p>\n<p style=\"text-align: justify;\">Foram fiscalizados 546 ve\u00edculos dos quais treze foram retidos por irregularidades, sete CNHs foram apreendidas, sete usu\u00e1rios das rodovias receberam aux\u00edlio das viaturas em ronda, sete pessoas foram detidas e dois menores foram encaminhados ao Conselho Tutelar. Al\u00e9m disso, de um total de 218 multas de tr\u00e2nsito aplicadas, 25 foram por ultrapassagens indevidas.<\/p>\n<p style=\"text-align: justify;\"><strong>Lei Seca \u2013<\/strong> Mesmo sabendo da proibi\u00e7\u00e3o no consumo de bebidas alco\u00f3licas ao dirigir, condutores arriscaram as suas vidas e a de usu\u00e1rios das rodovias federais em Sergipe. Durante o final de semana, 125 motoristas realizaram testes de alcoolemia nas rodovias federais do Estado. Oito condutores foram autuados dos quais cinco foram detidos por exceder o limite de 0,3 mg\/l (miligramas de \u00e1lcool por litro de ar expelido dos pulm\u00f5es).<\/p>\n<p style=\"text-align: justify;\">Ocorr\u00eancias<\/p>\n<p style=\"text-align: justify;\">Sexta-feira (30)<\/p>\n<p style=\"text-align: justify;\"><strong>Foragido da justi\u00e7a \u00e9 detido pela PRF na BR 101.<\/strong><br \/>\nPoliciais Rodovi\u00e1rios Federais prenderam na tarde de sexta-feira (30), no Km 33 da BR 101 em Areia Branca (SE), um homem com mandado de pris\u00e3o em aberto. Os agentes federais faziam o trabalho de fiscaliza\u00e7\u00e3o, quando deram ordem de parada a um ve\u00edculo VW\/Golf, com placas de Sergipe. Durante consulta ao banco de dados utilizado pela PRF, foi descoberto que existia contra o condutor um mandado de pris\u00e3o em aberto expedido pela Justi\u00e7a de Sergipe, pelo crime de homic\u00eddio culposo na condu\u00e7\u00e3o de ve\u00edculo automotor. O foragido, de 47 anos, foi detido e encaminhado \u00e0 Delegacia de Pol\u00edcia Civil, em Areia Branca.<\/p>\n<p style=\"text-align: justify;\"><strong>Condutor com CNH falsa \u00e9 detido pela PRF na BR 101.<\/strong><br \/>\nPoliciais Rodovi\u00e1rios Federais prenderam na noite de sexta-feira (30), no Km 200 da BR 101 em Cristin\u00e1polis (SE) um homem pelo porte de documento falso. Os agentes federais faziam o trabalho de fiscaliza\u00e7\u00e3o, quando deram ordem de parada a um ve\u00edculo Renault\/Logan, com placas de Sergipe e solicitaram ao condutor, de 36 anos de idade, que apresentasse a sua documenta\u00e7\u00e3o. Desconfiados, os agentes federais consultaram o banco de dados utilizado pela PRF e descobriram que a CNH apresentada pelo motorista era falsificada. Ele foi detido e encaminhado \u00e0 Delegacia de Pol\u00edcia Civil, em Aracaju.<\/p>\n<p style=\"text-align: justify;\"><strong>BR 235: PRF apreende 100 quilos de derivados de leite transportados irregularmente.<\/strong><br \/>\nPoliciais Rodovi\u00e1rios Federais apreenderam na tarde de sexta-feira (30), no Km 50 da BR 235, em Itabaiana (SE), 100 quilos de derivados de leite transportados irregularmente. Os agentes federais faziam o trabalho de fiscaliza\u00e7\u00e3o quando deram ordem de parada a um ve\u00edculo Fiat\/Strada, com placas de Sergipe e encontraram queijo e manteiga transportados sem as m\u00ednimas condi\u00e7\u00f5es de higiene e refrigera\u00e7\u00e3o. Segundo o condutor, ele seguia de Monte Alegre para Aracaju onde comercializaria os produtos em feiras livres da capital. A ocorr\u00eancia foi encaminhada \u00e0 Empresa de Desenvolvimento Agropecu\u00e1rio de Sergipe (Emdagro). (Foto em anexo)<\/p>\n<p style=\"text-align: justify;\"><strong>Domingo (02)<\/strong><\/p>\n<p style=\"text-align: justify;\"><strong>BR 101: Menor conduzindo motocicleta \u00e9 apreendido pela PRF.<\/strong><br \/>\nPoliciais Rodovi\u00e1rios Federais apreenderam um menor que conduzia uma motocicleta Honda\/CG 150 Titan ESD, com placa de Sergipe, na tarde de ontem (02), no Km 46 da BR 101, em Japaratuba (SE). Durante a abordagem, os policiais perceberam que o ve\u00edculo era conduzido por um adolescente, de 16 anos, o que \u00e9 proibido por lei (artigo 309 do C\u00f3digo de Tr\u00e2nsito Brasileiro). O menor foi apreendido e encaminhado ao Conselho Tutelar do munic\u00edpio, onde o respons\u00e1vel pelo adolescente responder\u00e1 pelo crime previsto no artigo 249* do Estatuto da Crian\u00e7a e do Adolescente (ECA).<\/p>\n<p style=\"text-align: justify;\"><strong>*Art. 249.<\/strong> Descumprir, dolosa ou culposamente, os deveres inerentes ao poder familiar ou decorrente de tutela ou guarda, bem assim determina\u00e7\u00e3o da autoridade judici\u00e1ria ou Conselho Tutelar: Vig\u00eancia Pena &#8211; multa de tr\u00eas a vinte sal\u00e1rios de refer\u00eancia, aplicando-se o dobro em caso de reincid\u00eancia.<\/p>\n<p style=\"text-align: justify;\"><strong>Menor transportado em ciclomotor \u00e9 apreendido pela PRF em Itabaiana.<\/strong><br \/>\nPoliciais Rodovi\u00e1rios Federais flagraram na manh\u00e3 de ontem (02), na altura do Km 52 da BR 235, em Itabaiana (SE), uma crian\u00e7a transportada irregulamente em um ciclomotor. Os agentes federais deram ordem de parada ao ve\u00edculo e descobriram que o menor, de 6 anos de idade, era transportado sem as m\u00ednimas condi\u00e7\u00f5es de seguran\u00e7a. Al\u00e9m disso, nenhum dos ocupantes do ciclomotor utilizava o capacete.<\/p>\n<p style=\"text-align: justify;\">De acordo com o C\u00f3digo de Tr\u00e2nsito Brasileiro (CTB), crian\u00e7as menores de sete anos n\u00e3o podem ser transportadas em motocicletas e ciclomotores. A capacidade m\u00e1xima desses ve\u00edculos \u00e9 de apenas dois ocupantes e crian\u00e7as n\u00e3o podem trafegar nesses ve\u00edculos entre os adultos. A ocorr\u00eancia foi encaminhada ao Conselho Tutelar de Itabaiana, onde o respons\u00e1vel responder\u00e1 pelo crime previsto no artigo 249* do Estatuto da Crian\u00e7a e do Adolescente (ECA).<\/p>\n<p style=\"text-align: justify;\"><strong>*Art. 249.<\/strong> Descumprir, dolosa ou culposamente, os deveres inerentes ao poder familiar ou decorrente de tutela ou guarda, bem assim determina\u00e7\u00e3o da autoridade judici\u00e1ria ou Conselho Tutelar: Vig\u00eancia Pena &#8211; multa de tr\u00eas a vinte sal\u00e1rios de refer\u00eancia, aplicando-se o dobro em caso de reincid\u00eancia.<\/p>\n<p style=\"text-align: justify;\"><strong>N\u00facleo de Comunica\u00e7\u00e3o Social<\/strong><br \/>\n<strong>Pol\u00edcia Rodovi\u00e1ria Federal \u2013 Sergipe<\/strong><\/p>\n","protected":false},"excerpt":{"rendered":"<p>A Pol\u00edcia Rodovi\u00e1ria Federal (PRF) atendeu a doze acidentes nas BRs de Sergipe. Vinte ve\u00edculos se envolveram nos acidentes, seis pessoas ficaram feridas e n\u00e3o houve registro de mortes. Foram fiscalizados 546 ve\u00edculos dos quais treze foram retidos por irregularidades, sete CNHs foram apreendidas, sete usu\u00e1rios das rodovias receberam aux\u00edlio das viaturas em ronda, sete [&hellip;]<\/p>\n","protected":false},"author":1,"featured_media":41799,"comment_status":"closed","ping_status":"closed","sticky":false,"template":"","format":"standard","meta":{"footnotes":""},"categories":[7],"tags":[],"class_list":{"0":"post-41798","1":"post","2":"type-post","3":"status-publish","4":"format-standard","5":"has-post-thumbnail","7":"category-policia"},"_links":{"self":[{"href":"https:\/\/senoticias.com.br\/se\/wp-json\/wp\/v2\/posts\/41798"}],"collection":[{"href":"https:\/\/senoticias.com.br\/se\/wp-json\/wp\/v2\/posts"}],"about":[{"href":"https:\/\/senoticias.com.br\/se\/wp-json\/wp\/v2\/types\/post"}],"author":[{"embeddable":true,"href":"https:\/\/senoticias.com.br\/se\/wp-json\/wp\/v2\/users\/1"}],"replies":[{"embeddable":true,"href":"https:\/\/senoticias.com.br\/se\/wp-json\/wp\/v2\/comments?post=41798"}],"version-history":[{"count":0,"href":"https:\/\/senoticias.com.br\/se\/wp-json\/wp\/v2\/posts\/41798\/revisions"}],"wp:featuredmedia":[{"embeddable":true,"href":"https:\/\/senoticias.com.br\/se\/wp-json\/wp\/v2\/media\/41799"}],"wp:attachment":[{"href":"https:\/\/senoticias.com.br\/se\/wp-json\/wp\/v2\/media?parent=41798"}],"wp:term":[{"taxonomy":"category","embeddable":true,"href":"https:\/\/senoticias.com.br\/se\/wp-json\/wp\/v2\/categories?post=41798"},{"taxonomy":"post_tag","embeddable":true,"href":"https:\/\/senoticias.com.br\/se\/wp-json\/wp\/v2\/tags?post=41798"}],"curies":[{"name":"wp","href":"https:\/\/api.w.org\/{rel}","templated":true}]}}