{"id":41726,"date":"2012-11-30T06:26:24","date_gmt":"2012-11-30T09:26:24","guid":{"rendered":"http:\/\/senoticias.com.br\/se\/?p=41726"},"modified":"2012-12-02T12:40:18","modified_gmt":"2012-12-02T15:40:18","slug":"mobilizacao-nas-redes-sociais-esvazia-shoppings-de-aracaju","status":"publish","type":"post","link":"https:\/\/senoticias.com.br\/se\/mobilizacao-nas-redes-sociais-esvazia-shoppings-de-aracaju\/","title":{"rendered":"Mobiliza\u00e7\u00e3o nas redes sociais esvazia shoppings de Aracaju"},"content":{"rendered":"<p>&nbsp;<\/p>\n<h5><a href=\"   http:\/\/g1.globo.com\/se\/sergipe\/noticia\/2012\/11\/mobilizacao-nas-redes-sociais-esvazia-shoppings-de-aracaju.html\" target=\"_blank\"><strong>Marina Fontenele e Fredson Navarro,\u00a0<\/strong><strong>\u00a0G1 SE<\/strong><\/a><\/h5>\n<p><span style=\"color: #333333;\"><strong>Estacionamento come\u00e7ou a ser cobrado no dia 26 de novembro.<\/strong><\/span><br \/>\n<span style=\"color: #333333;\"><strong> Quase 24 mil pessoas aderiram \u00e0 campanha de boicote no Facebook.<\/strong><\/span><\/p>\n<div id=\"attachment_41727\" style=\"width: 605px\" class=\"wp-caption aligncenter\"><a href=\"http:\/\/senoticias.com.br\/se\/wp-content\/uploads\/2012\/11\/riomar1.jpg\"><img loading=\"lazy\" decoding=\"async\" aria-describedby=\"caption-attachment-41727\" class=\"size-full wp-image-41727\" title=\"riomar1\" src=\"http:\/\/senoticias.com.br\/se\/wp-content\/uploads\/2012\/11\/riomar1.jpg\" alt=\"\" width=\"595\" height=\"446\" srcset=\"https:\/\/senoticias.com.br\/se\/wp-content\/uploads\/2012\/11\/riomar1.jpg 595w, https:\/\/senoticias.com.br\/se\/wp-content\/uploads\/2012\/11\/riomar1-300x224.jpg 300w, https:\/\/senoticias.com.br\/se\/wp-content\/uploads\/2012\/11\/riomar1-342x256.jpg 342w, https:\/\/senoticias.com.br\/se\/wp-content\/uploads\/2012\/11\/riomar1-60x45.jpg 60w, https:\/\/senoticias.com.br\/se\/wp-content\/uploads\/2012\/11\/riomar1-150x113.jpg 150w, https:\/\/senoticias.com.br\/se\/wp-content\/uploads\/2012\/11\/riomar1-269x201.jpg 269w\" sizes=\"(max-width: 595px) 100vw, 595px\" \/><\/a><p id=\"caption-attachment-41727\" class=\"wp-caption-text\">Estacionamento do Shopping Riomar ao meio-dia desta quinta-feira (29) (Foto: Marina Fontenele\/G1 SE)<\/p><\/div>\n<p style=\"text-align: justify;\">O movimento nos Shoppings Riomar e Jardins em Aracaju est\u00e1 reduzido desde a segunda-feira (26) quando entrou em vigor a cobran\u00e7a nos estacionamentos. A medida foi anunciada pelos representantes dos centros comerciais na sexta-feira (23) e pegou os sergipanos de surpresa. Desde ent\u00e3o, revoltados com a taxa come\u00e7aram a publicar em seus perfis nas redes sociais reivindica\u00e7\u00f5es contra o pagamento.<\/p>\n<div id=\"attachment_41728\" style=\"width: 605px\" class=\"wp-caption aligncenter\"><a href=\"http:\/\/senoticias.com.br\/se\/wp-content\/uploads\/2012\/11\/boicote2.jpg\"><img loading=\"lazy\" decoding=\"async\" aria-describedby=\"caption-attachment-41728\" class=\"size-full wp-image-41728\" title=\"boicote2\" src=\"http:\/\/senoticias.com.br\/se\/wp-content\/uploads\/2012\/11\/boicote2.jpg\" alt=\"\" width=\"595\" height=\"446\" srcset=\"https:\/\/senoticias.com.br\/se\/wp-content\/uploads\/2012\/11\/boicote2.jpg 595w, https:\/\/senoticias.com.br\/se\/wp-content\/uploads\/2012\/11\/boicote2-300x224.jpg 300w, https:\/\/senoticias.com.br\/se\/wp-content\/uploads\/2012\/11\/boicote2-342x256.jpg 342w, https:\/\/senoticias.com.br\/se\/wp-content\/uploads\/2012\/11\/boicote2-60x45.jpg 60w, https:\/\/senoticias.com.br\/se\/wp-content\/uploads\/2012\/11\/boicote2-150x113.jpg 150w, https:\/\/senoticias.com.br\/se\/wp-content\/uploads\/2012\/11\/boicote2-269x201.jpg 269w\" sizes=\"(max-width: 595px) 100vw, 595px\" \/><\/a><p id=\"caption-attachment-41728\" class=\"wp-caption-text\">Quase 24 mil pessoas j\u00e1 confirmaram presen\u00e7a no evento que prop\u00f5e o boicote (Foto: Reprodu\u00e7\u00e3o\/Facebook)<\/p><\/div>\n<p style=\"text-align: justify;\">Um evento criado no Facebook, por exemplo, j\u00e1 tem quase 24 mil participantes. A p\u00e1gina prop\u00f5e um boicote aos empreendimentos comerciais que cobram estacionamento. \u201cNingu\u00e9m vai aos shoppings de bicicleta, carro, moto, jegue ou a p\u00e9. Vamos mostrar a indigna\u00e7\u00e3o e a falta de respeito com os aracajuanos\u201d, diz a descri\u00e7\u00e3o do evento.<\/p>\n<p style=\"text-align: justify;\">Al\u00e9m da popula\u00e7\u00e3o em geral, estudantes de uma faculdade particular que fica localizada no Shopping Riomar v\u00e3o realizar uma manifesta\u00e7\u00e3o \u00e0s 20h desta quinta-feira (29). Eles s\u00e3o contra a medida que determina que a perman\u00eancia s\u00f3 ser\u00e1 gratuita at\u00e9 os primeiros 20 minutos. A partir da\u00ed ser\u00e3o R$ 4 para carros e R$ 2 para motos por at\u00e9 quatro horas, al\u00e9m do acr\u00e9scimo de R$ 1 para cada hora extra.<\/p>\n<div id=\"attachment_41729\" style=\"width: 605px\" class=\"wp-caption aligncenter\"><a href=\"http:\/\/senoticias.com.br\/se\/wp-content\/uploads\/2012\/11\/jardins1.jpg\"><img loading=\"lazy\" decoding=\"async\" aria-describedby=\"caption-attachment-41729\" class=\"size-full wp-image-41729\" title=\"jardins1\" src=\"http:\/\/senoticias.com.br\/se\/wp-content\/uploads\/2012\/11\/jardins1.jpg\" alt=\"\" width=\"595\" height=\"446\" srcset=\"https:\/\/senoticias.com.br\/se\/wp-content\/uploads\/2012\/11\/jardins1.jpg 595w, https:\/\/senoticias.com.br\/se\/wp-content\/uploads\/2012\/11\/jardins1-300x224.jpg 300w, https:\/\/senoticias.com.br\/se\/wp-content\/uploads\/2012\/11\/jardins1-342x256.jpg 342w, https:\/\/senoticias.com.br\/se\/wp-content\/uploads\/2012\/11\/jardins1-60x45.jpg 60w, https:\/\/senoticias.com.br\/se\/wp-content\/uploads\/2012\/11\/jardins1-150x113.jpg 150w, https:\/\/senoticias.com.br\/se\/wp-content\/uploads\/2012\/11\/jardins1-269x201.jpg 269w\" sizes=\"(max-width: 595px) 100vw, 595px\" \/><\/a><p id=\"caption-attachment-41729\" class=\"wp-caption-text\">Clientes do Shopping Jardins n\u00e3o tiveram dificuldade para encontrar vagas (Foto: Marina Fontenele\/G1 SE)<\/p><\/div>\n<p style=\"text-align: justify;\">\u201cN\u00f3s fizemos uma reuni\u00e3o com os estudantes na segunda-feira (26), convidando a todos a participarem desse movimento. Por acreditar no potencial que as redes sociais t\u00eam, fizemos uma chamada geral para que todos colocassem seus coment\u00e1rios no grupo do Facebook e postassem fotos sobre a atual situa\u00e7\u00e3o dos estacionamentos dos shoppings. Apesar de lutar contra um grupo empresarial muito forte, acreditamos que s\u00f3 por meio da press\u00e3o poderemos ter melhoras para todos\u201d, explica o presidente do Diret\u00f3rio Central dos Estudantes da faculdade, Jos\u00e9 Ernani Moura Souza.<\/p>\n<div id=\"attachment_41730\" style=\"width: 630px\" class=\"wp-caption aligncenter\"><a href=\"http:\/\/senoticias.com.br\/se\/wp-content\/uploads\/2012\/11\/dsc_0841.jpg\"><img loading=\"lazy\" decoding=\"async\" aria-describedby=\"caption-attachment-41730\" class=\"size-full wp-image-41730\" title=\"dsc_0841\" src=\"http:\/\/senoticias.com.br\/se\/wp-content\/uploads\/2012\/11\/dsc_0841.jpg\" alt=\"\" width=\"620\" height=\"465\" srcset=\"https:\/\/senoticias.com.br\/se\/wp-content\/uploads\/2012\/11\/dsc_0841.jpg 620w, https:\/\/senoticias.com.br\/se\/wp-content\/uploads\/2012\/11\/dsc_0841-300x225.jpg 300w, https:\/\/senoticias.com.br\/se\/wp-content\/uploads\/2012\/11\/dsc_0841-342x256.jpg 342w, https:\/\/senoticias.com.br\/se\/wp-content\/uploads\/2012\/11\/dsc_0841-60x45.jpg 60w, https:\/\/senoticias.com.br\/se\/wp-content\/uploads\/2012\/11\/dsc_0841-150x113.jpg 150w, https:\/\/senoticias.com.br\/se\/wp-content\/uploads\/2012\/11\/dsc_0841-269x201.jpg 269w\" sizes=\"(max-width: 620px) 100vw, 620px\" \/><\/a><p id=\"caption-attachment-41730\" class=\"wp-caption-text\">Mulher atravessa estacionamento do shopping para buscar o carro estacionado do lado de fora para evitar a cobran\u00e7a da taxa (Foto: Marina Fontenele\/G1 SE)<\/p><\/div>\n<p style=\"text-align: justify;\">Muitas pessoas que trabalham nos shoppings optaram por estacionar fora da \u00e1rea privativa para evitarem a cobran\u00e7a. O lojista Jos\u00e9 Vieira disse que recebeu um comunicado dizendo que apenas um ve\u00edculo por loja poder\u00e1 ter acesso gratuito ao estacionamento. \u201cA gente passa o dia todo aqui e quando for botar na ponta do l\u00e1pis vai pagar quase uma parcela do carro. Nosso or\u00e7amento isso vai pesar muito\u201d, desabafa a esteticista Maria da Concei\u00e7\u00e3o Souza.<\/p>\n<p style=\"text-align: justify;\">Os cart\u00f5es dos lojistas s\u00f3 come\u00e7aram a ser entregues no dia seguinte ao in\u00edcio da cobran\u00e7a, atitude que foi questionada pelos empres\u00e1rios, pois segundo eles, o cadastro deveria ter sido feito com anteced\u00eancia. \u201cAs credenciais s\u00e3o entregues de imediato, no momento do fornecimento dos documentos e informa\u00e7\u00f5es necess\u00e1rias\u201d, informou a assessoria de comunica\u00e7\u00e3o do grupo Jo\u00e3o Carlos Paes Mendon\u00e7a (JCPM), propriet\u00e1rio dos dois shoppings.<\/p>\n<div id=\"attachment_41731\" style=\"width: 605px\" class=\"wp-caption aligncenter\"><a href=\"http:\/\/senoticias.com.br\/se\/wp-content\/uploads\/2012\/11\/riomar2.jpg\"><img loading=\"lazy\" decoding=\"async\" aria-describedby=\"caption-attachment-41731\" class=\"size-full wp-image-41731\" title=\"riomar2\" src=\"http:\/\/senoticias.com.br\/se\/wp-content\/uploads\/2012\/11\/riomar2.jpg\" alt=\"\" width=\"595\" height=\"446\" srcset=\"https:\/\/senoticias.com.br\/se\/wp-content\/uploads\/2012\/11\/riomar2.jpg 595w, https:\/\/senoticias.com.br\/se\/wp-content\/uploads\/2012\/11\/riomar2-300x224.jpg 300w, https:\/\/senoticias.com.br\/se\/wp-content\/uploads\/2012\/11\/riomar2-342x256.jpg 342w, https:\/\/senoticias.com.br\/se\/wp-content\/uploads\/2012\/11\/riomar2-60x45.jpg 60w, https:\/\/senoticias.com.br\/se\/wp-content\/uploads\/2012\/11\/riomar2-150x113.jpg 150w, https:\/\/senoticias.com.br\/se\/wp-content\/uploads\/2012\/11\/riomar2-269x201.jpg 269w\" sizes=\"(max-width: 595px) 100vw, 595px\" \/><\/a><p id=\"caption-attachment-41731\" class=\"wp-caption-text\">Pra\u00e7a de Alimenta\u00e7\u00e3o do Riomar praticamente vazia no hor\u00e1rio de almo\u00e7o (Foto: Marina Fontenele\/G1 SE)<\/p><\/div>\n<p style=\"text-align: justify;\"><strong>Cobrar x Vender<\/strong><\/p>\n<p style=\"text-align: justify;\">Adriane Felix Ribeiro faz parte do grupo que aderiu ao boicote. Para ela, os grandes empres\u00e1rios aproveitaram a \u00e9poca de festas e f\u00e9rias escolares para empurrar essa cobran\u00e7a, j\u00e1 que nesse per\u00edodo o consumo \u00e9 maior.<\/p>\n<p style=\"text-align: justify;\">\u201cPor outro lado, \u00e9 nesse momento que eles investem em ornamenta\u00e7\u00e3o e contrata\u00e7\u00e3o de pessoal, al\u00e9m de ser um per\u00edodo com uma lucratividade maior, ou seja, uma faca de dois gumes, uma verdadeira quebra de bra\u00e7o. Vamos ganhar essa partida! Continuemos com o boicote! Temos outras op\u00e7\u00f5es de lazer e \u00f3timas lojas fora dos shoppings\u201d, incentiva Adriane.<\/p>\n<p style=\"text-align: justify;\">A Prefeitura Municipal de Aracaju (PMA) protocolou uma a\u00e7\u00e3o junto ao Tribunal de Justi\u00e7a de Sergipe para que a presid\u00eancia do Tribunal de Justi\u00e7a remeta, em car\u00e1ter de urg\u00eancia, o Recurso Especial ao Supremo Tribunal Federal (STF), visando salvaguardar a Lei Municipal que pro\u00edbe a cobran\u00e7a dos estacionamentos nos shoppings e institui\u00e7\u00f5es de ensino de Aracaju.<\/p>\n<p style=\"text-align: justify;\">Para o presidente da C\u00e2mara de Dirigentes Lojistas de Aracaju (CDL), Samuel Schuster, a taxa s\u00f3 vai acarretar preju\u00edzos. \u201cLogo num per\u00edodo que o com\u00e9rcio mais vende, a administra\u00e7\u00e3o dos shoppings ter uma decis\u00e3o como essa n\u00e3o \u00e9 cab\u00edvel. Poder\u00e1 haver um impacto negativo nas vendas\u201d, prev\u00ea.<\/p>\n<p style=\"text-align: justify;\">O diretor regional do JCPM, Fernando Rocha, acredita que atrav\u00e9s da cobran\u00e7a o shopping vai poder disponibilizar melhores vagas para os clientes. \u201cVamos dar mais conforto para eles. T\u00eam pessoas que ocupam as vagas o dia todo e isso impede que o cliente em compra consiga ter uma vaga no momento em que ele necessita\u201d. Ele ressalta ainda, que a pratica \u00e9 comum em locais como rodovi\u00e1rias, aeroportos, hospitais e universidades. \u201cEles cobram para disciplinar e n\u00f3s vamos fazer o mesmo\u201d, justifica.<\/p>\n<p style=\"text-align: justify;\">Sobre o fornecimento de Nota Fiscal sobre o servi\u00e7o prestado, exig\u00eancia de alguns consumidores, a assessoria de comunica\u00e7\u00e3o dos centros comerciais informaram: \u201cConforme a lei 89\/2009 e regulamentado no Decreto n. 3.393, os estacionamentos, considerados servi\u00e7os de elevado fluxo, s\u00e3o autorizados a emitirem o chamado RPS (Recibo Provis\u00f3rio de Servi\u00e7o). A partir do RPS, o contribuinte converte, at\u00e9 dez dias depois, em Nota Fiscal, por meio do site da prefeitura\u201d.<\/p>\n","protected":false},"excerpt":{"rendered":"<p>&nbsp; Marina Fontenele e Fredson Navarro,\u00a0\u00a0G1 SE Estacionamento come\u00e7ou a ser cobrado no dia 26 de novembro. Quase 24 mil pessoas aderiram \u00e0 campanha de boicote no Facebook. O movimento nos Shoppings Riomar e Jardins em Aracaju est\u00e1 reduzido desde a segunda-feira (26) quando entrou em vigor a cobran\u00e7a nos estacionamentos. A medida foi anunciada [&hellip;]<\/p>\n","protected":false},"author":1,"featured_media":41727,"comment_status":"closed","ping_status":"closed","sticky":false,"template":"","format":"standard","meta":{"footnotes":""},"categories":[310],"tags":[],"class_list":{"0":"post-41726","1":"post","2":"type-post","3":"status-publish","4":"format-standard","5":"has-post-thumbnail","7":"category-destaques-da-semana"},"_links":{"self":[{"href":"https:\/\/senoticias.com.br\/se\/wp-json\/wp\/v2\/posts\/41726"}],"collection":[{"href":"https:\/\/senoticias.com.br\/se\/wp-json\/wp\/v2\/posts"}],"about":[{"href":"https:\/\/senoticias.com.br\/se\/wp-json\/wp\/v2\/types\/post"}],"author":[{"embeddable":true,"href":"https:\/\/senoticias.com.br\/se\/wp-json\/wp\/v2\/users\/1"}],"replies":[{"embeddable":true,"href":"https:\/\/senoticias.com.br\/se\/wp-json\/wp\/v2\/comments?post=41726"}],"version-history":[{"count":0,"href":"https:\/\/senoticias.com.br\/se\/wp-json\/wp\/v2\/posts\/41726\/revisions"}],"wp:featuredmedia":[{"embeddable":true,"href":"https:\/\/senoticias.com.br\/se\/wp-json\/wp\/v2\/media\/41727"}],"wp:attachment":[{"href":"https:\/\/senoticias.com.br\/se\/wp-json\/wp\/v2\/media?parent=41726"}],"wp:term":[{"taxonomy":"category","embeddable":true,"href":"https:\/\/senoticias.com.br\/se\/wp-json\/wp\/v2\/categories?post=41726"},{"taxonomy":"post_tag","embeddable":true,"href":"https:\/\/senoticias.com.br\/se\/wp-json\/wp\/v2\/tags?post=41726"}],"curies":[{"name":"wp","href":"https:\/\/api.w.org\/{rel}","templated":true}]}}