{"id":41720,"date":"2012-11-29T23:29:54","date_gmt":"2012-11-30T02:29:54","guid":{"rendered":"http:\/\/senoticias.com.br\/se\/?p=41720"},"modified":"2012-12-01T06:13:59","modified_gmt":"2012-12-01T09:13:59","slug":"comerciante-e-assassinado-a-tiros-no-augusto-franco-suspeitos-foram-presos","status":"publish","type":"post","link":"https:\/\/senoticias.com.br\/se\/comerciante-e-assassinado-a-tiros-no-augusto-franco-suspeitos-foram-presos\/","title":{"rendered":"Comerciante \u00e9 assassinado a tiros no Augusto Franco; suspeitos foram presos"},"content":{"rendered":"<h5><em><strong>Portal Infonet<\/strong><\/em><\/h5>\n<div id=\"attachment_41721\" style=\"width: 310px\" class=\"wp-caption alignleft\"><a href=\"http:\/\/senoticias.com.br\/se\/wp-content\/uploads\/2012\/11\/1531.jpg\"><img loading=\"lazy\" decoding=\"async\" aria-describedby=\"caption-attachment-41721\" class=\"size-medium wp-image-41721\" title=\"1531\" src=\"http:\/\/senoticias.com.br\/se\/wp-content\/uploads\/2012\/11\/1531-300x225.jpg\" alt=\"\" width=\"300\" height=\"225\" srcset=\"https:\/\/senoticias.com.br\/se\/wp-content\/uploads\/2012\/11\/1531-300x225.jpg 300w, https:\/\/senoticias.com.br\/se\/wp-content\/uploads\/2012\/11\/1531-342x256.jpg 342w, https:\/\/senoticias.com.br\/se\/wp-content\/uploads\/2012\/11\/1531-60x45.jpg 60w, https:\/\/senoticias.com.br\/se\/wp-content\/uploads\/2012\/11\/1531-150x113.jpg 150w, https:\/\/senoticias.com.br\/se\/wp-content\/uploads\/2012\/11\/1531-269x201.jpg 269w, https:\/\/senoticias.com.br\/se\/wp-content\/uploads\/2012\/11\/1531.jpg 640w\" sizes=\"(max-width: 300px) 100vw, 300px\" \/><\/a><p id=\"caption-attachment-41721\" class=\"wp-caption-text\">O assassinato ocorreu por volta das 18h10 desta quinta-feira (29). (Foto: Sandoval Not\u00edcias)<\/p><\/div>\n<p style=\"text-align: justify;\">O propriet\u00e1rio de uma mercearia foi assassinado no in\u00edcio da noite desta quinta-feira, 29, em frente ao seu estabelecimento localizado no conjunto Augusto Franco, zona sul da capital. De acordo com informa\u00e7\u00f5es da pol\u00edcia, durante tentativa de assalto, Dami\u00e3o de Jesus Santos, 47, levou tiros no peito e no pesco\u00e7o. Logo ap\u00f3s o ocorrido, tr\u00eas suspeitos foram presos no pr\u00f3prio bairro, entre eles, um adolescente.<\/p>\n<p style=\"text-align: justify;\">Marcos Leandro Alves Ara\u00fajo, Bruno Santos da Cruz e o jovem com idade menor que 18 anos foram presos quando fugiam em um gol branco de propriedade de Marcos. De acordo com relatos das testemunhas, a v\u00edtima estava na porta da mercearia quando os homens chegaram atirando.<\/p>\n<p style=\"text-align: justify;\">Segundo informa\u00e7\u00f5es repassadas pelos policiais da Grupamento Especial T\u00e1tico de Motos (Getam) que efetuaram a pris\u00e3o, durante a\u00e7\u00e3o, o adolescente efetuou tr\u00eas disparos de um rev\u00f3lver calibre 38, Bruno deu dois tiros com um rev\u00f3lver calibre 22 e Marcos foi o respons\u00e1vel por dirigir o carro na fuga. Todos s\u00e3o moradores da favela das Malvinas, bairro Atalaia.<\/p>\n<div id=\"attachment_41722\" style=\"width: 310px\" class=\"wp-caption alignleft\"><a href=\"http:\/\/senoticias.com.br\/se\/wp-content\/uploads\/2012\/11\/170.jpg\"><img loading=\"lazy\" decoding=\"async\" aria-describedby=\"caption-attachment-41722\" class=\"size-medium wp-image-41722\" title=\"170\" src=\"http:\/\/senoticias.com.br\/se\/wp-content\/uploads\/2012\/11\/170-300x225.jpg\" alt=\"\" width=\"300\" height=\"225\" srcset=\"https:\/\/senoticias.com.br\/se\/wp-content\/uploads\/2012\/11\/170-300x225.jpg 300w, https:\/\/senoticias.com.br\/se\/wp-content\/uploads\/2012\/11\/170-342x256.jpg 342w, https:\/\/senoticias.com.br\/se\/wp-content\/uploads\/2012\/11\/170-60x45.jpg 60w, https:\/\/senoticias.com.br\/se\/wp-content\/uploads\/2012\/11\/170-150x113.jpg 150w, https:\/\/senoticias.com.br\/se\/wp-content\/uploads\/2012\/11\/170-269x201.jpg 269w, https:\/\/senoticias.com.br\/se\/wp-content\/uploads\/2012\/11\/170.jpg 640w\" sizes=\"(max-width: 300px) 100vw, 300px\" \/><\/a><p id=\"caption-attachment-41722\" class=\"wp-caption-text\">Dami\u00e3o, era dono da \u2018Casa da Carne e Mercearia Dami\u00e3o\u2019.(Foto: Sandoval Not\u00edcias)<\/p><\/div>\n<p style=\"text-align: justify;\">As armas calibre 22 e 38, al\u00e9m do gol branco, usados no ato foram apreendidos pela pol\u00edcia. A princ\u00edpio, o crime est\u00e1 sendo tratado como tentativa de assalto, apesar de alguns ind\u00edcios apontarem crime de mando. A pol\u00edcia prosseguir\u00e1 investigando o caso.<\/p>\n<p style=\"text-align: justify;\"><strong>Fam\u00edlia<\/strong><\/p>\n<p style=\"text-align: justify;\">Com o fato, a rua em que se localizada a mercearia foi tomada por curiosos, vizinhos, amigos e familiares. \u201cA mercearia j\u00e1 havia sido assaltada outras vezes. Mas o meu irm\u00e3o era uma pessoa querida. Todos gostavam dele e n\u00e3o tinha porque algu\u00e9m fazer isso\u201d, diz bastante emocionada, Alessandra Santos, irm\u00e3 da v\u00edtima.<\/p>\n<p style=\"text-align: justify;\"><strong>IML<\/strong><\/p>\n<p style=\"text-align: justify;\">O Instituto M\u00e9dico Legal (IML) tamb\u00e9m registrou nesta quinta-feira, 29, duas mortes por acidente de tr\u00e2nsito. Jos\u00e9 de Jesus Santos, 58, sofre uma queda de<\/p>\n<div id=\"attachment_41724\" style=\"width: 310px\" class=\"wp-caption alignleft\"><a href=\"http:\/\/senoticias.com.br\/se\/wp-content\/uploads\/2012\/11\/222.jpg\"><img loading=\"lazy\" decoding=\"async\" aria-describedby=\"caption-attachment-41724\" class=\"size-medium wp-image-41724\" title=\"222\" src=\"http:\/\/senoticias.com.br\/se\/wp-content\/uploads\/2012\/11\/222-300x225.jpg\" alt=\"\" width=\"300\" height=\"225\" srcset=\"https:\/\/senoticias.com.br\/se\/wp-content\/uploads\/2012\/11\/222-300x225.jpg 300w, https:\/\/senoticias.com.br\/se\/wp-content\/uploads\/2012\/11\/222-342x256.jpg 342w, https:\/\/senoticias.com.br\/se\/wp-content\/uploads\/2012\/11\/222-60x45.jpg 60w, https:\/\/senoticias.com.br\/se\/wp-content\/uploads\/2012\/11\/222-150x113.jpg 150w, https:\/\/senoticias.com.br\/se\/wp-content\/uploads\/2012\/11\/222-269x201.jpg 269w, https:\/\/senoticias.com.br\/se\/wp-content\/uploads\/2012\/11\/222.jpg 640w\" sizes=\"(max-width: 300px) 100vw, 300px\" \/><\/a><p id=\"caption-attachment-41724\" class=\"wp-caption-text\">Marcos, Bruno e o jovem com idade menor que 18 anos foram presos quando fugiam em um gol branco.(Foto: Sandoval Not\u00edcias)<\/p><\/div>\n<p style=\"text-align: justify;\">moto no povoado Santa Rosa do Erm\u00edrio, no munic\u00edpio de Po\u00e7o Redondo. Ele chegou a ser encaminhado para o Hospital de Urg\u00eancias de Sergipe (Huse), mas n\u00e3o resistiu aos ferimentos e faleceu no local. A outra morte foi registrada no munic\u00edpio de Carm\u00f3polis, distante 47 km de Aracaju. A v\u00edtima sofreu um acidente de moto no povoado Aguada e faleceu no local. O corpo deu entrada no IML \u00e0s 11h45.<\/p>\n","protected":false},"excerpt":{"rendered":"<p>Portal Infonet O propriet\u00e1rio de uma mercearia foi assassinado no in\u00edcio da noite desta quinta-feira, 29, em frente ao seu estabelecimento localizado no conjunto Augusto Franco, zona sul da capital. De acordo com informa\u00e7\u00f5es da pol\u00edcia, durante tentativa de assalto, Dami\u00e3o de Jesus Santos, 47, levou tiros no peito e no pesco\u00e7o. Logo ap\u00f3s o [&hellip;]<\/p>\n","protected":false},"author":1,"featured_media":41721,"comment_status":"closed","ping_status":"closed","sticky":false,"template":"","format":"standard","meta":{"footnotes":""},"categories":[310,7],"tags":[],"class_list":{"0":"post-41720","1":"post","2":"type-post","3":"status-publish","4":"format-standard","5":"has-post-thumbnail","7":"category-destaques-da-semana","8":"category-policia"},"_links":{"self":[{"href":"https:\/\/senoticias.com.br\/se\/wp-json\/wp\/v2\/posts\/41720"}],"collection":[{"href":"https:\/\/senoticias.com.br\/se\/wp-json\/wp\/v2\/posts"}],"about":[{"href":"https:\/\/senoticias.com.br\/se\/wp-json\/wp\/v2\/types\/post"}],"author":[{"embeddable":true,"href":"https:\/\/senoticias.com.br\/se\/wp-json\/wp\/v2\/users\/1"}],"replies":[{"embeddable":true,"href":"https:\/\/senoticias.com.br\/se\/wp-json\/wp\/v2\/comments?post=41720"}],"version-history":[{"count":0,"href":"https:\/\/senoticias.com.br\/se\/wp-json\/wp\/v2\/posts\/41720\/revisions"}],"wp:featuredmedia":[{"embeddable":true,"href":"https:\/\/senoticias.com.br\/se\/wp-json\/wp\/v2\/media\/41721"}],"wp:attachment":[{"href":"https:\/\/senoticias.com.br\/se\/wp-json\/wp\/v2\/media?parent=41720"}],"wp:term":[{"taxonomy":"category","embeddable":true,"href":"https:\/\/senoticias.com.br\/se\/wp-json\/wp\/v2\/categories?post=41720"},{"taxonomy":"post_tag","embeddable":true,"href":"https:\/\/senoticias.com.br\/se\/wp-json\/wp\/v2\/tags?post=41720"}],"curies":[{"name":"wp","href":"https:\/\/api.w.org\/{rel}","templated":true}]}}