{"id":41708,"date":"2012-11-29T17:42:57","date_gmt":"2012-11-29T20:42:57","guid":{"rendered":"http:\/\/senoticias.com.br\/se\/?p=41708"},"modified":"2012-11-29T21:55:50","modified_gmt":"2012-11-30T00:55:50","slug":"deputada-defende-acao-judicial-para-anular-cobranca-de-estacionamento-nos-shoppings","status":"publish","type":"post","link":"https:\/\/senoticias.com.br\/se\/deputada-defende-acao-judicial-para-anular-cobranca-de-estacionamento-nos-shoppings\/","title":{"rendered":"Deputada defende a\u00e7\u00e3o judicial para anular cobran\u00e7a de estacionamento nos shoppings"},"content":{"rendered":"<div id=\"attachment_41710\" style=\"width: 310px\" class=\"wp-caption alignleft\"><a href=\"http:\/\/senoticias.com.br\/se\/wp-content\/uploads\/2012\/11\/Ana-L\u00facia.jpg\"><img loading=\"lazy\" decoding=\"async\" aria-describedby=\"caption-attachment-41710\" class=\"size-medium wp-image-41710\" title=\"Ana L\u00facia\" src=\"http:\/\/senoticias.com.br\/se\/wp-content\/uploads\/2012\/11\/Ana-L\u00facia-300x202.jpg\" alt=\"\" width=\"300\" height=\"202\" srcset=\"https:\/\/senoticias.com.br\/se\/wp-content\/uploads\/2012\/11\/Ana-L\u00facia-300x202.jpg 300w, https:\/\/senoticias.com.br\/se\/wp-content\/uploads\/2012\/11\/Ana-L\u00facia-342x230.jpg 342w, https:\/\/senoticias.com.br\/se\/wp-content\/uploads\/2012\/11\/Ana-L\u00facia.jpg 600w\" sizes=\"(max-width: 300px) 100vw, 300px\" \/><\/a><p id=\"caption-attachment-41710\" class=\"wp-caption-text\">Deputada estadual Ana L\u00facia, do PT. (Foto Maria Odilia, da Ag\u00eancia Alese)<\/p><\/div>\n<p style=\"text-align: justify;\">A deputada estadual Ana L\u00facia, do PT, defendeu que o Estado, Minist\u00e9rio P\u00fablico e o munic\u00edpio de Aracaju entrem com a\u00e7\u00f5es judiciais que possam p\u00f4r fim \u00e0 cobran\u00e7a de estacionamento para ve\u00edculos nos dois grandes shoppings da cidade.<\/p>\n<p style=\"text-align: justify;\">Desde a segunda-feira (26), os shoppings Jardins e Riomar, ambos de um mesmo grupo empresarial, est\u00e3o cobrando para carros um valor de R$ 4,00 por 4 horas de perman\u00eancia em seus estacionamentos, sendo cobrado R$ 1,00 por cada hora excedida, inclusive aos que trabalham nesses estabelecimentos. Os shoppings conseguiram liminar que suspende os efeitos da Lei Municipal 3.348\/2006, que pro\u00edbe esse tipo de cobran\u00e7a. A liminar foi concedida em 11 de julho de 2012 pelo desembargador Edson Ulisses, do Tribunal de Justi\u00e7a de Sergipe.<\/p>\n<p style=\"text-align: justify;\">\u201cEssa cobran\u00e7a vem nos preocupando, acima de tudo porque vem penalizando os trabalhadores. Espero uma a\u00e7\u00e3o r\u00e1pida e en\u00e9rgica do Estado, atrav\u00e9s da Secretaria de Justi\u00e7a, a qual a Defesa do Consumidor est\u00e1 vinculada, e tamb\u00e9m do Poder P\u00fablico municipal, porque se n\u00e3o houver um recuo por parte do propriet\u00e1rio dos dois shoppings, os trabalhadores do servi\u00e7o p\u00fablico e tamb\u00e9m do privado n\u00e3o v\u00e3o poder estar pagando estacionamento para trabalhar\u201d, disse a parlamentar, lembrando que al\u00e9m das lojas privadas, os shoppings da capital tamb\u00e9m agregam unidades do CEAC \u2013 Centro de Atendimento ao Cidad\u00e3o \u2013 que prestam servi\u00e7os p\u00fablicos \u00e0 popula\u00e7\u00e3o.<\/p>\n<p style=\"text-align: justify;\">A deputada petista entende, ainda, que al\u00e9m de pagar o aluguel das lojas locadas no shopping, o comerciante tamb\u00e9m paga o condom\u00ednio, ao qual est\u00e1 embutido o uso do estacionamento, n\u00e3o s\u00f3 para o comerciante, como tamb\u00e9m para os comerci\u00e1rios e consumidores.<br \/>\n\u201cA medida \u00e9 absurda. E vemos que ela \u00e9 fruto de um monop\u00f3lio. Os dois shoppings pertencem a um \u00fanico propriet\u00e1rio, n\u00e3o h\u00e1 concorr\u00eancia. E no mundo capitalista, quando n\u00e3o h\u00e1 concorr\u00eancia \u00e9 a popula\u00e7\u00e3o que sofre\u201d, lembra.<\/p>\n<p style=\"text-align: justify;\"><strong>Boicote \u00e9 leg\u00edtimo<\/strong><\/p>\n<p style=\"text-align: justify;\">Desde a implanta\u00e7\u00e3o do pagamento de estacionamento, parte da popula\u00e7\u00e3o tem reagido organizando movimentos de boicote aos shoppings.<\/p>\n<p style=\"text-align: justify;\">\u201c\u00c9 um movimento leg\u00edtimo de cidadania. As pessoas est\u00e3o exercendo o seu direito de consumidor. E o boicote dos cidad\u00e3os tem sido positivo, mas n\u00e3o basta. \u00c9 preciso uma solu\u00e7\u00e3o para o problema. Temos que pressionar os poderes p\u00fablicos, bem como o Minist\u00e9rio P\u00fablico, para que tenhamos uma solu\u00e7\u00e3o favor\u00e1vel \u00e0 popula\u00e7\u00e3o e tamb\u00e9m aos trabalhadores, que est\u00e3o sendo bastante prejudicados\u201d, ressalta a deputada.<\/p>\n<p style=\"text-align: justify;\">Ana L\u00facia disse tamb\u00e9m que os comerci\u00e1rios dos dois shoppings est\u00e3o sendo penalizados duplamente, aos serem obrigados a pagar pelo estacionamento de seus ve\u00edculos e por estarem perdendo nas comiss\u00f5es, j\u00e1 que com o boicote dos consumidores, vem as baixas vendas e, portanto, a queda nas comiss\u00f5es.<\/p>\n<p style=\"text-align: justify;\">\u201cEstamos em um per\u00edodo em que os trabalhadores aumentam seus ganhos com a produ\u00e7\u00e3o, com as vendas. Quanto mais eles vendem, melhora os seus sal\u00e1rios. Se as vendas diminuem, obviamente, diminuem os seus sal\u00e1rios\u201d, destacou.<\/p>\n<p style=\"text-align: justify;\"><strong>A\u00e7\u00e3o r\u00e1pida<\/strong><\/p>\n<p style=\"text-align: justify;\">A deputada defendeu que as institui\u00e7\u00f5es de defesa do consumidor e da sociedade se manifestem rapidamente, a fim de reverter rapidamente este quadro desfavor\u00e1vel aos trabalhadores e tamb\u00e9m aos consumidores.<\/p>\n<p style=\"text-align: justify;\">\u201cA press\u00e3o da sociedade vai ter efeito. Uma hora os comerciantes n\u00e3o v\u00e3o aguentar tantas perdas e v\u00e3o exigir uma posi\u00e7\u00e3o do shopping. Estamos preocupados n\u00e3o \u00e9 com as grandes redes multinacionais, mas com os pequenos comerciantes sergipanos e nordestinos, que instalaram suas lojas e que est\u00e3o tendo preju\u00edzos, e seus funcion\u00e1rios tamb\u00e9m. \u00c9 preciso a\u00e7\u00f5es r\u00e1pidas e en\u00e9rgicas dos poderes p\u00fablicos para reverter isso. Esperamos que os direitos dos consumidores e dos trabalhadores sejam respeitados e se ponha fim \u00e0 cobran\u00e7a de estacionamento\u201d, afirmou a parlamentar.<\/p>\n<h5><strong>Da assessoria parlamentar<\/strong><\/h5>\n","protected":false},"excerpt":{"rendered":"<p>A deputada estadual Ana L\u00facia, do PT, defendeu que o Estado, Minist\u00e9rio P\u00fablico e o munic\u00edpio de Aracaju entrem com a\u00e7\u00f5es judiciais que possam p\u00f4r fim \u00e0 cobran\u00e7a de estacionamento para ve\u00edculos nos dois grandes shoppings da cidade. Desde a segunda-feira (26), os shoppings Jardins e Riomar, ambos de um mesmo grupo empresarial, est\u00e3o cobrando [&hellip;]<\/p>\n","protected":false},"author":1,"featured_media":41710,"comment_status":"closed","ping_status":"closed","sticky":false,"template":"","format":"standard","meta":{"footnotes":""},"categories":[6],"tags":[],"class_list":{"0":"post-41708","1":"post","2":"type-post","3":"status-publish","4":"format-standard","5":"has-post-thumbnail","7":"category-politica"},"_links":{"self":[{"href":"https:\/\/senoticias.com.br\/se\/wp-json\/wp\/v2\/posts\/41708"}],"collection":[{"href":"https:\/\/senoticias.com.br\/se\/wp-json\/wp\/v2\/posts"}],"about":[{"href":"https:\/\/senoticias.com.br\/se\/wp-json\/wp\/v2\/types\/post"}],"author":[{"embeddable":true,"href":"https:\/\/senoticias.com.br\/se\/wp-json\/wp\/v2\/users\/1"}],"replies":[{"embeddable":true,"href":"https:\/\/senoticias.com.br\/se\/wp-json\/wp\/v2\/comments?post=41708"}],"version-history":[{"count":0,"href":"https:\/\/senoticias.com.br\/se\/wp-json\/wp\/v2\/posts\/41708\/revisions"}],"wp:featuredmedia":[{"embeddable":true,"href":"https:\/\/senoticias.com.br\/se\/wp-json\/wp\/v2\/media\/41710"}],"wp:attachment":[{"href":"https:\/\/senoticias.com.br\/se\/wp-json\/wp\/v2\/media?parent=41708"}],"wp:term":[{"taxonomy":"category","embeddable":true,"href":"https:\/\/senoticias.com.br\/se\/wp-json\/wp\/v2\/categories?post=41708"},{"taxonomy":"post_tag","embeddable":true,"href":"https:\/\/senoticias.com.br\/se\/wp-json\/wp\/v2\/tags?post=41708"}],"curies":[{"name":"wp","href":"https:\/\/api.w.org\/{rel}","templated":true}]}}