{"id":41558,"date":"2012-11-25T10:34:55","date_gmt":"2012-11-25T13:34:55","guid":{"rendered":"http:\/\/senoticias.com.br\/se\/?p=41558"},"modified":"2012-11-25T21:47:42","modified_gmt":"2012-11-26T00:47:42","slug":"acusada-de-asfixia-mulher-tentou-matar-namorado-com-os-seios","status":"publish","type":"post","link":"https:\/\/senoticias.com.br\/se\/acusada-de-asfixia-mulher-tentou-matar-namorado-com-os-seios\/","title":{"rendered":"Acusada de asfixia, mulher tentou matar namorado com os seios"},"content":{"rendered":"<p>&nbsp;<\/p>\n<p>Fabr\u00edcio Calado<br \/>\nDo UOL, em S\u00e3o Paulo<\/p>\n<div id=\"attachment_41559\" style=\"width: 310px\" class=\"wp-caption alignleft\"><a href=\"http:\/\/senoticias.com.br\/se\/wp-content\/uploads\/2012\/11\/Seios.jpg\"><img loading=\"lazy\" decoding=\"async\" aria-describedby=\"caption-attachment-41559\" class=\"size-full wp-image-41559\" title=\"Seios\" src=\"http:\/\/senoticias.com.br\/se\/wp-content\/uploads\/2012\/11\/Seios.jpg\" alt=\"\" width=\"300\" height=\"200\" \/><\/a><p id=\"caption-attachment-41559\" class=\"wp-caption-text\">Peri\u00f3dico alem\u00e3o imaginou o rapaz em maus len\u00e7\u00f3is.(Reprodu\u00e7\u00e3o\/Bild)<\/p><\/div>\n<p style=\"text-align: justify;\">Na Fran\u00e7a, o orgasmo \u00e9 tamb\u00e9m conhecido como &#8220;a pequena morte&#8221;. Na Alemanha, quase que o ditado se repete como trag\u00e9dia. Um morador da cidade de Unna acusa sua namorada de tentar sufoc\u00e1-lo ap\u00f3s o coito. A arma do crime: os seios da mo\u00e7a.<\/p>\n<p style=\"text-align: justify;\">Saiu no jornal local Bild. Segundo a publica\u00e7\u00e3o, o rapaz de 34 anos afirma que, depois do ato consumado, sua parceira sentou sobre seu abd\u00f4me e come\u00e7ou a pressionar sua cabe\u00e7a com toda a for\u00e7a. &#8220;Eu n\u00e3o conseguia respirar, fui ficando azul&#8221;, disse.<\/p>\n<p style=\"text-align: justify;\">Com o que lhe restava de for\u00e7a, o rapaz diz que conseguiu fugir do abra\u00e7o de urso da mulher-aranha e correu para a casa do vizinho, de onde chamou a pol\u00edcia.<\/p>\n<p style=\"text-align: justify;\">O pobre coitado diz que perguntou \u00e0 sua (agora) ex o porqu\u00ea de ela tentar mat\u00e1-lo e a resposta dela teria sido: &#8220;para tornar sua morte mais confort\u00e1vel, querido!&#8221;. Segundo ele, a mo\u00e7a sofre de problemas mentais. O ataque aconteceu em maio deste ano, mas a hist\u00f3ria surgiu agora, que vieram \u00e0 tona detalhes do processo que a v\u00edtima move contra a mo\u00e7a.<\/p>\n<p style=\"text-align: justify;\">A ex-namorada ter\u00e1 de responder na Justi\u00e7a por (\u00e9 s\u00e9rio) ataque armado. N\u00e3o fa\u00e7a de seu romance uma arma, ou&#8230;<\/p>\n","protected":false},"excerpt":{"rendered":"<p>&nbsp; Fabr\u00edcio Calado Do UOL, em S\u00e3o Paulo Na Fran\u00e7a, o orgasmo \u00e9 tamb\u00e9m conhecido como &#8220;a pequena morte&#8221;. Na Alemanha, quase que o ditado se repete como trag\u00e9dia. Um morador da cidade de Unna acusa sua namorada de tentar sufoc\u00e1-lo ap\u00f3s o coito. A arma do crime: os seios da mo\u00e7a. Saiu no jornal [&hellip;]<\/p>\n","protected":false},"author":1,"featured_media":41559,"comment_status":"closed","ping_status":"closed","sticky":false,"template":"","format":"standard","meta":{"footnotes":""},"categories":[310],"tags":[],"class_list":{"0":"post-41558","1":"post","2":"type-post","3":"status-publish","4":"format-standard","5":"has-post-thumbnail","7":"category-destaques-da-semana"},"_links":{"self":[{"href":"https:\/\/senoticias.com.br\/se\/wp-json\/wp\/v2\/posts\/41558"}],"collection":[{"href":"https:\/\/senoticias.com.br\/se\/wp-json\/wp\/v2\/posts"}],"about":[{"href":"https:\/\/senoticias.com.br\/se\/wp-json\/wp\/v2\/types\/post"}],"author":[{"embeddable":true,"href":"https:\/\/senoticias.com.br\/se\/wp-json\/wp\/v2\/users\/1"}],"replies":[{"embeddable":true,"href":"https:\/\/senoticias.com.br\/se\/wp-json\/wp\/v2\/comments?post=41558"}],"version-history":[{"count":0,"href":"https:\/\/senoticias.com.br\/se\/wp-json\/wp\/v2\/posts\/41558\/revisions"}],"wp:featuredmedia":[{"embeddable":true,"href":"https:\/\/senoticias.com.br\/se\/wp-json\/wp\/v2\/media\/41559"}],"wp:attachment":[{"href":"https:\/\/senoticias.com.br\/se\/wp-json\/wp\/v2\/media?parent=41558"}],"wp:term":[{"taxonomy":"category","embeddable":true,"href":"https:\/\/senoticias.com.br\/se\/wp-json\/wp\/v2\/categories?post=41558"},{"taxonomy":"post_tag","embeddable":true,"href":"https:\/\/senoticias.com.br\/se\/wp-json\/wp\/v2\/tags?post=41558"}],"curies":[{"name":"wp","href":"https:\/\/api.w.org\/{rel}","templated":true}]}}