{"id":41555,"date":"2012-11-25T16:04:46","date_gmt":"2012-11-25T19:04:46","guid":{"rendered":"http:\/\/senoticias.com.br\/se\/?p=41555"},"modified":"2012-11-25T21:26:05","modified_gmt":"2012-11-26T00:26:05","slug":"apos-batida-e-chuva-campeao-vettel-admite-foi-o-gp-mais-dificil-da-minha-vida","status":"publish","type":"post","link":"https:\/\/senoticias.com.br\/se\/apos-batida-e-chuva-campeao-vettel-admite-foi-o-gp-mais-dificil-da-minha-vida\/","title":{"rendered":"Ap\u00f3s batida e chuva, campe\u00e3o Vettel admite: &#8216;foi o GP mais dif\u00edcil da minha vida&#8217;"},"content":{"rendered":"<p>&nbsp;<\/p>\n<p>Do UOL, em S\u00e3o Paulo<\/p>\n<div id=\"attachment_41556\" style=\"width: 310px\" class=\"wp-caption alignleft\"><a href=\"http:\/\/senoticias.com.br\/se\/wp-content\/uploads\/2012\/11\/800-600.jpg\"><img loading=\"lazy\" decoding=\"async\" aria-describedby=\"caption-attachment-41556\" class=\"size-medium wp-image-41556\" title=\"800-600\" src=\"http:\/\/senoticias.com.br\/se\/wp-content\/uploads\/2012\/11\/800-600-300x225.jpg\" alt=\"\" width=\"300\" height=\"225\" srcset=\"https:\/\/senoticias.com.br\/se\/wp-content\/uploads\/2012\/11\/800-600-300x225.jpg 300w, https:\/\/senoticias.com.br\/se\/wp-content\/uploads\/2012\/11\/800-600-342x256.jpg 342w, https:\/\/senoticias.com.br\/se\/wp-content\/uploads\/2012\/11\/800-600-60x45.jpg 60w, https:\/\/senoticias.com.br\/se\/wp-content\/uploads\/2012\/11\/800-600-150x113.jpg 150w, https:\/\/senoticias.com.br\/se\/wp-content\/uploads\/2012\/11\/800-600-269x201.jpg 269w, https:\/\/senoticias.com.br\/se\/wp-content\/uploads\/2012\/11\/800-600.jpg 800w\" sizes=\"(max-width: 300px) 100vw, 300px\" \/><\/a><p id=\"caption-attachment-41556\" class=\"wp-caption-text\">Campe\u00e3o Vettel. (Reprodu\u00e7\u00e3o)<\/p><\/div>\n<p style=\"text-align: justify;\">Sebastian Vettel conquistou o tricampeonato mundial da F\u00f3rmula 1. Mas com uma dose elevada de emo\u00e7\u00e3o. Depois de ter de superar uma batida na primeira volta que o colocou no fim do pelot\u00e3o e de se arriscar na chuva, o alem\u00e3o admitiu que esta corrida foi a mais complicada de sua carreira.<\/p>\n<p style=\"text-align: justify;\">\u201cEu acho que foi a corrida mais dif\u00edcil que j\u00e1 disputei. Ainda assim, seguimos acreditando e sendo n\u00f3s mesmos\u201d, afirmou o alem\u00e3o, celebrando mais um t\u00edtulo com a Red Bull.<\/p>\n<p style=\"text-align: justify;\">\u201cFoi uma corrida incr\u00edvel. Eles (Ferrari) tentaram de tudo para dificultar nossa vida hoje\u201d, adicionou ele, que acusou. \u201cMuitas pessoas tentaram usar artif\u00edcios sujos, coisas que no nosso ponto de vista passam dos limites, mas nunca nos distra\u00edmos.\u201d<\/p>\n<p style=\"text-align: justify;\">Vettel acabou a prova em sexto lugar, vencendo o Mundial por apenas tr\u00eas pontos de diferen\u00e7a em rela\u00e7\u00e3o ao espanhol Fernando Alonso, da Ferrari, que foi segundo.<\/p>\n<p style=\"text-align: justify;\">Logo na primeira volta Vettel foi tocado por Bruno Senna, da Williams, e viu seu carro virar. Ele foi para a \u00faltima posi\u00e7\u00e3o, mas teve grande recupera\u00e7\u00e3o. \u201cEstar em um carro virado na contra-m\u00e3o na sa\u00edda de uma curva n\u00e3o traz um sentimento confort\u00e1vel (risos). Tive sorte de ningu\u00e9m mais bater no meu carro\u201d, afirmou ele.<\/p>\n","protected":false},"excerpt":{"rendered":"<p>&nbsp; Do UOL, em S\u00e3o Paulo Sebastian Vettel conquistou o tricampeonato mundial da F\u00f3rmula 1. Mas com uma dose elevada de emo\u00e7\u00e3o. Depois de ter de superar uma batida na primeira volta que o colocou no fim do pelot\u00e3o e de se arriscar na chuva, o alem\u00e3o admitiu que esta corrida foi a mais complicada [&hellip;]<\/p>\n","protected":false},"author":1,"featured_media":41556,"comment_status":"closed","ping_status":"closed","sticky":false,"template":"","format":"standard","meta":{"footnotes":""},"categories":[39,8],"tags":[],"class_list":{"0":"post-41555","1":"post","2":"type-post","3":"status-publish","4":"format-standard","5":"has-post-thumbnail","7":"category-esporte","8":"category-esporte-e-cultura"},"_links":{"self":[{"href":"https:\/\/senoticias.com.br\/se\/wp-json\/wp\/v2\/posts\/41555"}],"collection":[{"href":"https:\/\/senoticias.com.br\/se\/wp-json\/wp\/v2\/posts"}],"about":[{"href":"https:\/\/senoticias.com.br\/se\/wp-json\/wp\/v2\/types\/post"}],"author":[{"embeddable":true,"href":"https:\/\/senoticias.com.br\/se\/wp-json\/wp\/v2\/users\/1"}],"replies":[{"embeddable":true,"href":"https:\/\/senoticias.com.br\/se\/wp-json\/wp\/v2\/comments?post=41555"}],"version-history":[{"count":0,"href":"https:\/\/senoticias.com.br\/se\/wp-json\/wp\/v2\/posts\/41555\/revisions"}],"wp:featuredmedia":[{"embeddable":true,"href":"https:\/\/senoticias.com.br\/se\/wp-json\/wp\/v2\/media\/41556"}],"wp:attachment":[{"href":"https:\/\/senoticias.com.br\/se\/wp-json\/wp\/v2\/media?parent=41555"}],"wp:term":[{"taxonomy":"category","embeddable":true,"href":"https:\/\/senoticias.com.br\/se\/wp-json\/wp\/v2\/categories?post=41555"},{"taxonomy":"post_tag","embeddable":true,"href":"https:\/\/senoticias.com.br\/se\/wp-json\/wp\/v2\/tags?post=41555"}],"curies":[{"name":"wp","href":"https:\/\/api.w.org\/{rel}","templated":true}]}}