{"id":41541,"date":"2012-11-24T22:53:33","date_gmt":"2012-11-25T01:53:33","guid":{"rendered":"http:\/\/senoticias.com.br\/se\/?p=41541"},"modified":"2012-11-26T13:29:08","modified_gmt":"2012-11-26T16:29:08","slug":"serie-b-vitoria-e-atletico-pr-nao-decepcionam-e-sobem-ao-lado-de-goias-e-criciuma","status":"publish","type":"post","link":"https:\/\/senoticias.com.br\/se\/serie-b-vitoria-e-atletico-pr-nao-decepcionam-e-sobem-ao-lado-de-goias-e-criciuma\/","title":{"rendered":"S\u00c9RIE B: Vit\u00f3ria e Atl\u00e9tico-PR n\u00e3o decepcionam e sobem ao lado de Goi\u00e1s e Crici\u00fama"},"content":{"rendered":"<p><strong>Goi\u00e1s ficou com o t\u00edtulo e o Crici\u00fama acabou com o vice<\/strong><\/p>\n<div id=\"attachment_41543\" style=\"width: 350px\" class=\"wp-caption alignleft\"><a href=\"http:\/\/senoticias.com.br\/se\/wp-content\/uploads\/2012\/11\/Vit\u00f3ria.jpg\"><img loading=\"lazy\" decoding=\"async\" aria-describedby=\"caption-attachment-41543\" class=\"size-full wp-image-41543\" title=\"Vit\u00f3ria\" src=\"http:\/\/senoticias.com.br\/se\/wp-content\/uploads\/2012\/11\/Vit\u00f3ria.jpg\" alt=\"\" width=\"340\" height=\"650\" srcset=\"https:\/\/senoticias.com.br\/se\/wp-content\/uploads\/2012\/11\/Vit\u00f3ria.jpg 340w, https:\/\/senoticias.com.br\/se\/wp-content\/uploads\/2012\/11\/Vit\u00f3ria-300x573.jpg 300w\" sizes=\"(max-width: 340px) 100vw, 340px\" \/><\/a><p id=\"caption-attachment-41543\" class=\"wp-caption-text\">Ap\u00f3s dois anos, Le\u00e3o est\u00e1 de volta \u00e0 elite do futebol nacional.(L\u00facio T\u00e1vora | Ag\u00eancia A TARDE)<\/p><\/div>\n<p style=\"text-align: justify;\">Atl\u00e9tico-PR e Vit\u00f3ria est\u00e3o de volta \u00e0 elite do Campeonato Brasileiro. Neste s\u00e1bado \u00e0 tarde, a dupla rubro-negra fez o dever de casa e conquistou o acesso. Al\u00e9m da dupla, Goi\u00e1s e Crici\u00fama j\u00e1 tinham garantido presen\u00e7a na S\u00e9rie A 2013.<\/p>\n<p style=\"text-align: justify;\">Campe\u00e3o brasileiro em 2001, o Atl\u00e9tico-PR far\u00e1 um bate e volta. O Furac\u00e3o foi rebaixado na temporada passada. A situa\u00e7\u00e3o do Vit\u00f3ria, por\u00e9m, foi um pouco mais delicada. Os baianos ca\u00edram em 2010. Os dois clubes chegaram a \u00faltima rodada com mais de 90% de chances de subir. O Furac\u00e3o tinha 94,2% e o Vit\u00f3ria 92,5%.<\/p>\n<p style=\"text-align: justify;\">Em Curitiba, no ECO Est\u00e1dio, o Atl\u00e9tico-PR empatou, por 1 a 1, com o rival Paran\u00e1 e garantiu o acesso. A igualdade, que teve gol de Cleberson e p\u00eanalti perdido de Marcelo, deixou o Furac\u00e3o no terceiro lugar, com 71 pontos.<\/p>\n<p style=\"text-align: justify;\"><strong>Mais festa!<\/strong><\/p>\n<p style=\"text-align: justify;\">Depois de dois anos na s\u00e9rie B, o Vit\u00f3ria est\u00e1 de volta a elite do futebol nacional. Sob o olhar de mais de 37.500 expectadores, recorde de p\u00fablico no Barrad\u00e3o no ano, o Le\u00e3o apenas empatou com o time do Cear\u00e1 por 1 a 1, na tarde deste s\u00e1bado, 24, no Est\u00e1dio Manoel Barradas, em Salvador (BA), mas o resultado garantiu o retorno do time rubro-negro \u00e0 s\u00e9rie A do Campeonato Brasileiro.<\/p>\n<p style=\"text-align: justify;\">Com o empate, o Le\u00e3o, que somou 21 vit\u00f3rias, oito empates e nove derrotas em 38 jogos, fecha o campeonato na quarta posi\u00e7\u00e3o com 71 pontos ganhos, mesma pontua\u00e7\u00e3o do S\u00e3o Caetano que, por ter uma vit\u00f3ria a menos que o time baiano, ficou em quinto lugar e n\u00e3o se classificou. Com 78 pontos, o Goi\u00e1s, que derrotou o Joinville por 2 a 1, tamb\u00e9m nessa tarde, ficou com o t\u00edtulo do campeonato. Crici\u00fama (2\u00ba), com 73 pontos, e Atl\u00e9tico-PR (3\u00ba), com 71, fecharam o grupo dos quatro primeiros e disputar\u00e3o a s\u00e9rie A em 2013.<\/p>\n<p style=\"text-align: justify;\">O s\u00e1bado ainda presenteou a torcida do Goi\u00e1s. Os goianos venceram o Joinville, por 2 a 1, e garantiram a lideran\u00e7a, com 78 pontos. O Crici\u00fama, por sua vez, ficou com o vice-campeonato ap\u00f3s o empate, por 1 a 1, com o Ava\u00ed. O Tigre terminou com 73 pontos.<\/p>\n<p style=\"text-align: justify;\"><span style=\"color: #333333;\"><strong>Clique <a href=\" http:\/\/www.futebolinterior.com.br\/classificacao.php?id_ano=317\" target=\"_blank\">aqui <\/a>e veja a classifica\u00e7\u00e3o final de cada clube. <\/strong><\/span><\/p>\n<p style=\"text-align: justify;\"><span style=\"color: #333333;\"><strong>Ag\u00eancia Futebol Interior e Atarde<\/strong><\/span><\/p>\n<p style=\"text-align: justify;\">\n","protected":false},"excerpt":{"rendered":"<p>Goi\u00e1s ficou com o t\u00edtulo e o Crici\u00fama acabou com o vice Atl\u00e9tico-PR e Vit\u00f3ria est\u00e3o de volta \u00e0 elite do Campeonato Brasileiro. Neste s\u00e1bado \u00e0 tarde, a dupla rubro-negra fez o dever de casa e conquistou o acesso. Al\u00e9m da dupla, Goi\u00e1s e Crici\u00fama j\u00e1 tinham garantido presen\u00e7a na S\u00e9rie A 2013. Campe\u00e3o brasileiro [&hellip;]<\/p>\n","protected":false},"author":1,"featured_media":41543,"comment_status":"closed","ping_status":"closed","sticky":false,"template":"","format":"standard","meta":{"footnotes":""},"categories":[39,1,8],"tags":[257],"class_list":{"0":"post-41541","1":"post","2":"type-post","3":"status-publish","4":"format-standard","5":"has-post-thumbnail","7":"category-esporte","8":"category-sem-categoria","9":"category-esporte-e-cultura","10":"tag-vitoria-da-bahia"},"_links":{"self":[{"href":"https:\/\/senoticias.com.br\/se\/wp-json\/wp\/v2\/posts\/41541"}],"collection":[{"href":"https:\/\/senoticias.com.br\/se\/wp-json\/wp\/v2\/posts"}],"about":[{"href":"https:\/\/senoticias.com.br\/se\/wp-json\/wp\/v2\/types\/post"}],"author":[{"embeddable":true,"href":"https:\/\/senoticias.com.br\/se\/wp-json\/wp\/v2\/users\/1"}],"replies":[{"embeddable":true,"href":"https:\/\/senoticias.com.br\/se\/wp-json\/wp\/v2\/comments?post=41541"}],"version-history":[{"count":0,"href":"https:\/\/senoticias.com.br\/se\/wp-json\/wp\/v2\/posts\/41541\/revisions"}],"wp:featuredmedia":[{"embeddable":true,"href":"https:\/\/senoticias.com.br\/se\/wp-json\/wp\/v2\/media\/41543"}],"wp:attachment":[{"href":"https:\/\/senoticias.com.br\/se\/wp-json\/wp\/v2\/media?parent=41541"}],"wp:term":[{"taxonomy":"category","embeddable":true,"href":"https:\/\/senoticias.com.br\/se\/wp-json\/wp\/v2\/categories?post=41541"},{"taxonomy":"post_tag","embeddable":true,"href":"https:\/\/senoticias.com.br\/se\/wp-json\/wp\/v2\/tags?post=41541"}],"curies":[{"name":"wp","href":"https:\/\/api.w.org\/{rel}","templated":true}]}}