{"id":41536,"date":"2012-11-24T21:52:44","date_gmt":"2012-11-25T00:52:44","guid":{"rendered":"http:\/\/senoticias.com.br\/se\/?p=41536"},"modified":"2012-11-26T16:54:23","modified_gmt":"2012-11-26T19:54:23","slug":"justica-condena-boris-casoy-e-tv-bandeirantes-a-indenizar-gari-ofendido-em-telejornal","status":"publish","type":"post","link":"https:\/\/senoticias.com.br\/se\/justica-condena-boris-casoy-e-tv-bandeirantes-a-indenizar-gari-ofendido-em-telejornal\/","title":{"rendered":"Justi\u00e7a condena Boris Casoy e TV Bandeirantes a indenizar gari ofendido em telejornal"},"content":{"rendered":"<h5><em><strong>Rog\u00e9rio Barbosa &#8211; UOL S\u00e3o Paulo<\/strong><\/em><\/h5>\n<div id=\"attachment_41537\" style=\"width: 310px\" class=\"wp-caption alignleft\"><a href=\"http:\/\/senoticias.com.br\/se\/wp-content\/uploads\/2012\/11\/Borys.jpg\"><img loading=\"lazy\" decoding=\"async\" aria-describedby=\"caption-attachment-41537\" class=\"size-full wp-image-41537\" title=\"Borys\" src=\"http:\/\/senoticias.com.br\/se\/wp-content\/uploads\/2012\/11\/Borys.jpg\" alt=\"\" width=\"300\" height=\"300\" srcset=\"https:\/\/senoticias.com.br\/se\/wp-content\/uploads\/2012\/11\/Borys.jpg 300w, https:\/\/senoticias.com.br\/se\/wp-content\/uploads\/2012\/11\/Borys-150x150.jpg 150w, https:\/\/senoticias.com.br\/se\/wp-content\/uploads\/2012\/11\/Borys-50x50.jpg 50w, https:\/\/senoticias.com.br\/se\/wp-content\/uploads\/2012\/11\/Borys-70x70.jpg 70w, https:\/\/senoticias.com.br\/se\/wp-content\/uploads\/2012\/11\/Borys-55x55.jpg 55w\" sizes=\"(max-width: 300px) 100vw, 300px\" \/><\/a><p id=\"caption-attachment-41537\" class=\"wp-caption-text\">Boris Casoy no &quot;Jornal da Noite&quot; da Band. (Reprodu\u00e7\u00e3o)<\/p><\/div>\n<p style=\"text-align: justify;\">A 8\u00aa C\u00e2mara de Direito Privado de S\u00e3o Paulo condenou o jornalista Boris Casoy e a TV Bandeirantes a pagar R$ 21 mil de indeniza\u00e7\u00e3o por danos morais ao gari Francisco Gabriel de Lima. Na noite de r\u00e9veillon de 31 de dezembro de 2009, ap\u00f3s Francisco Lima aparecer em uma vinheta desejando feliz natal, uma falha t\u00e9cnica levou ao ar o \u00e1udio de Boris dizendo: &#8220;Que merda: dois lixeiros desejando felicidades do alto da suas vassouras. O mais baixo na escala do trabalho&#8221;. Procurado pelo UOL, Boris disse que desconhece o teor da decis\u00e3o e que cabe ao jur\u00eddico da Band dar uma resposta. A assessoria de imprensa da Band afirmou que a emissora e o apresentador s\u00f3 poder\u00e3o se manifestar sobre a decis\u00e3o depois que o processo for analisado pelo setor jur\u00eddico do canal.<\/p>\n<p style=\"text-align: justify;\">O \u00e1udio foi transmitido ao vivo durante o jornal da Band e gerou grande repercuss\u00e3o. No dia seguinte, quando o v\u00eddeo j\u00e1 tinha milhares de visualiza\u00e7\u00f5es na internet, Boris Casoy se retratou sobre o coment\u00e1rio que definiu como \u201cuma frase infeliz\u201d. \u201dPe\u00e7o profundas desculpas aos garis e a todos os telespectadores&#8221;, afirmou Boris Casoy. O caso n\u00e3o terminou na imprensa e foi parar na Justi\u00e7a.<\/p>\n<p style=\"text-align: justify;\">Francisco Lima alegou que foi humilhado pelos coment\u00e1rios \u201cpreconceituosos\u201d do \u00e2ncora do jornal da Band. Contou em ju\u00edzo que foi abordado por dois jornalistas da Rede Bandeirantes que solicitaram que desejasse felicita\u00e7\u00f5es de ano novo para veicula\u00e7\u00e3o na TV e que n\u00e3o imaginava que sua participa\u00e7\u00e3o lhe renderia \u201cpreconceito e discrimina\u00e7\u00e3o\u201d.<\/p>\n<p style=\"text-align: justify;\">O gari ainda afirmou que n\u00e3o percebeu arrependimento na retrata\u00e7\u00e3o \u201cburocr\u00e1tica e pouco conveniente\u201d de Boris Casoy e que suas desculpas n\u00e3o bastaram para \u201cestancar a ferida lesada\u201d.<\/p>\n<p style=\"text-align: justify;\"><strong>Frase infeliz<\/strong><\/p>\n<p style=\"text-align: justify;\">Boris Casoy teve que se apresentar \u00e0 Justi\u00e7a e pessoalmente afirmou que jamais teve o intuito de criticar o gari pela profiss\u00e3o exercida. Tamb\u00e9m disse que n\u00e3o houve discrimina\u00e7\u00e3o, desrespeito nem humilha\u00e7\u00e3o \u00e0 dignidade de Francisco Lima e que, mesmo assim, pela \u201cfrase infeliz\u201d pediu espa\u00e7o \u00e0 dire\u00e7\u00e3o do telejornal para pedir desculpas.<\/p>\n<p style=\"text-align: justify;\">A TV Bandeirantes tamb\u00e9m tentou convencer a Justi\u00e7a de que o epis\u00f3dio n\u00e3o teria causado dano moral ou humilha\u00e7\u00e3o ao gari. Citou a reportagem de um jornal em que Francisco Lima teria dito que \u201cn\u00e3o guarda qualquer m\u00e1goa ou revolta\u201d, o que demonstraria uma clara ren\u00fancia a uma indeniza\u00e7\u00e3o. A emissora chegou a afirmar que o gari \u201cutiliza-se da presta\u00e7\u00e3o jurisdicional para obten\u00e7\u00e3o de lucro f\u00e1cil\u201d.<\/p>\n<p style=\"text-align: justify;\">A TV Bandeirantes ainda entendia que n\u00e3o poderia ser responsabilizada pela fala de Boris Casoy, porque ele \u201cemitiu opini\u00e3o pr\u00f3pria e desvinculada da edi\u00e7\u00e3o do Jornal da Band\u201d. Tamb\u00e9m alegou que \u00e9 imposs\u00edvel obter controle sobre tudo o que o \u00e2ncora do telejornal fala em programas ao vivo.<\/p>\n<p style=\"text-align: justify;\"><strong>Desculpas insuficientes<\/strong><\/p>\n<p style=\"text-align: justify;\">Para o TJSP (Tribunal de Justi\u00e7a de S\u00e3o Paulo), \u201cainda que sinceras\u201d, as desculpas de Boris Casoy n\u00e3o s\u00e3o suficientes para reparar o dano causado ao gari. A decis\u00e3o destacou que Francisco Lima avisou aos familiares que iria &#8216;aparecer na televis\u00e3o&#8217; e que a \u201clament\u00e1vel ocorr\u00eancia efetivamente ofendeu a dignidade do autor (gari)\u201d.<\/p>\n<p style=\"text-align: justify;\">Ainda de acordo com a decis\u00e3o, a alega\u00e7\u00e3o de que n\u00e3o houve inten\u00e7\u00e3o de ofender o gari n\u00e3o absolve o jornalista e a emissora. Ressalta que Boris Casoy, \u201cexperiente na profiss\u00e3o que exerce h\u00e1 d\u00e9cadas, seguramente conhece os bastidores de um programa apresentado ao vivo e que, muitas vezes, o intervalo \u00e9 interrompido sem maiores avisos ou o \u00e1udio &#8216;vazado&#8217;. Houve descuido de sua parte. E, ainda que tenha dito tais falas &#8217;em tom de brincadeira&#8217;, como narrou ao Ju\u00edzo a testemunha (e tamb\u00e9m jornalista) Joelmir Beting, o fato danoso ocorreu e seguramente poderia ter sido evitado\u201d.<\/p>\n<p style=\"text-align: justify;\">Por fim, o TJSP concluiu que a emissora \u00e9 respons\u00e1vel pelo conte\u00fado que veicula e, por isso, deve dividir o valor da condena\u00e7\u00e3o com Boris Casoy. A \u00fanica chance da emissora reverter a condena\u00e7\u00e3o \u00e9 com um recurso direcionado ao Superior Tribunal de Justi\u00e7a.<\/p>\n","protected":false},"excerpt":{"rendered":"<p>Rog\u00e9rio Barbosa &#8211; UOL S\u00e3o Paulo A 8\u00aa C\u00e2mara de Direito Privado de S\u00e3o Paulo condenou o jornalista Boris Casoy e a TV Bandeirantes a pagar R$ 21 mil de indeniza\u00e7\u00e3o por danos morais ao gari Francisco Gabriel de Lima. Na noite de r\u00e9veillon de 31 de dezembro de 2009, ap\u00f3s Francisco Lima aparecer em [&hellip;]<\/p>\n","protected":false},"author":1,"featured_media":41537,"comment_status":"closed","ping_status":"closed","sticky":false,"template":"","format":"standard","meta":{"footnotes":""},"categories":[310],"tags":[316,315],"class_list":{"0":"post-41536","1":"post","2":"type-post","3":"status-publish","4":"format-standard","5":"has-post-thumbnail","7":"category-destaques-da-semana","8":"tag-band","9":"tag-borys"},"_links":{"self":[{"href":"https:\/\/senoticias.com.br\/se\/wp-json\/wp\/v2\/posts\/41536"}],"collection":[{"href":"https:\/\/senoticias.com.br\/se\/wp-json\/wp\/v2\/posts"}],"about":[{"href":"https:\/\/senoticias.com.br\/se\/wp-json\/wp\/v2\/types\/post"}],"author":[{"embeddable":true,"href":"https:\/\/senoticias.com.br\/se\/wp-json\/wp\/v2\/users\/1"}],"replies":[{"embeddable":true,"href":"https:\/\/senoticias.com.br\/se\/wp-json\/wp\/v2\/comments?post=41536"}],"version-history":[{"count":0,"href":"https:\/\/senoticias.com.br\/se\/wp-json\/wp\/v2\/posts\/41536\/revisions"}],"wp:featuredmedia":[{"embeddable":true,"href":"https:\/\/senoticias.com.br\/se\/wp-json\/wp\/v2\/media\/41537"}],"wp:attachment":[{"href":"https:\/\/senoticias.com.br\/se\/wp-json\/wp\/v2\/media?parent=41536"}],"wp:term":[{"taxonomy":"category","embeddable":true,"href":"https:\/\/senoticias.com.br\/se\/wp-json\/wp\/v2\/categories?post=41536"},{"taxonomy":"post_tag","embeddable":true,"href":"https:\/\/senoticias.com.br\/se\/wp-json\/wp\/v2\/tags?post=41536"}],"curies":[{"name":"wp","href":"https:\/\/api.w.org\/{rel}","templated":true}]}}