{"id":41533,"date":"2012-11-24T21:02:21","date_gmt":"2012-11-25T00:02:21","guid":{"rendered":"http:\/\/senoticias.com.br\/se\/?p=41533"},"modified":"2012-11-26T13:07:20","modified_gmt":"2012-11-26T16:07:20","slug":"representante-de-shoppings-fala-sobre-cobranca-de-estacionamento-em-aracaju","status":"publish","type":"post","link":"https:\/\/senoticias.com.br\/se\/representante-de-shoppings-fala-sobre-cobranca-de-estacionamento-em-aracaju\/","title":{"rendered":"Representante de shoppings fala sobre cobran\u00e7a de estacionamento em Aracaju"},"content":{"rendered":"<p>Do G1 SE<\/p>\n<div id=\"attachment_41535\" style=\"width: 310px\" class=\"wp-caption alignleft\"><a href=\"http:\/\/senoticias.com.br\/se\/wp-content\/uploads\/2012\/11\/Shopping.jpg\"><img loading=\"lazy\" decoding=\"async\" aria-describedby=\"caption-attachment-41535\" class=\"size-medium wp-image-41535\" title=\"Shopping\" src=\"http:\/\/senoticias.com.br\/se\/wp-content\/uploads\/2012\/11\/Shopping-300x139.jpg\" alt=\"\" width=\"300\" height=\"139\" srcset=\"https:\/\/senoticias.com.br\/se\/wp-content\/uploads\/2012\/11\/Shopping-300x139.jpg 300w, https:\/\/senoticias.com.br\/se\/wp-content\/uploads\/2012\/11\/Shopping-342x159.jpg 342w, https:\/\/senoticias.com.br\/se\/wp-content\/uploads\/2012\/11\/Shopping.jpg 618w\" sizes=\"(max-width: 300px) 100vw, 300px\" \/><\/a><p id=\"caption-attachment-41535\" class=\"wp-caption-text\">Cobran\u00e7a dos estacionamentos, come\u00e7a a valer a partir da pr\u00f3xima segunda-feira(26). (Foto: Reprodu\u00e7\u00e3o TV Sergipe)<\/p><\/div>\n<p style=\"text-align: justify;\">Neste s\u00e1bado(24), o diretor regional da empresa que representa os dois shoppings de Aracaju falou sobre a cobran\u00e7a dos estacionamentos, que come\u00e7a a valer a partir da pr\u00f3xima segunda-feira(26). \u201c Acreditamos que n\u00f3s vamos disponibilizar melhores vagas para os nossos clientes. Vamos dar mais conforto para eles. Tem pessoas que ocupam as vagas o dia todo e isso impede que o cliente em compra consiga ter uma vaga no momento em que ele necessita , diz Fernando Rocha.<\/p>\n<p style=\"text-align: justify;\">Ele ressalta ainda, que a pratica \u00e9 comum em locais como rodovi\u00e1rias, aeroportos, hospitais e universidades. \u201cEles cobram para disciplinar e n\u00f3s vamos fazer o mesmo&#8221;, diz.<\/p>\n<p style=\"text-align: justify;\">J\u00e1 os consumidores se sentem lesados com a cobran\u00e7a. \u201c Acredito que o que a gente consume nos estabelecimentos o valor do estaciomento j\u00e1 esteja embutido\u201d, diz o servidor p\u00fablico, Eduardo Xavier.<\/p>\n<p style=\"text-align: justify;\">Os funcion\u00e1rios do shopping que utilizam seus ve\u00edculos para ir ao trabalho est\u00e3o igualmente indignados com a cobran\u00e7a. \u201cA gente passa o dia todo aqui e quando for botar na ponta do l\u00e1pis vai pagar quase uma parcela do carro. Nosso or\u00e7amento isso vai pesar muito\u201d, desabafa a esteticista Maria da Concei\u00e7\u00e3o Souza.<\/p>\n<p style=\"text-align: justify;\"><strong>A cobran\u00e7a<\/strong><\/p>\n<p style=\"text-align: justify;\">O estacionamento ser\u00e1 gratuito apenas para quem permanecer 20 minutos. Por quatro horas os motoristas que possuirem um carro ser\u00e3o cobrados em R$ 4, e R$ 1 por cada hora a mais. J\u00e1 os motoqueiros que passarem dos 20 minutos de toler\u00e2ncia v\u00e3o pagar R$ 2 e acima desse per\u00edodo o acrescimo de R$ 1 a cada hora.<\/p>\n","protected":false},"excerpt":{"rendered":"<p>Do G1 SE Neste s\u00e1bado(24), o diretor regional da empresa que representa os dois shoppings de Aracaju falou sobre a cobran\u00e7a dos estacionamentos, que come\u00e7a a valer a partir da pr\u00f3xima segunda-feira(26). \u201c Acreditamos que n\u00f3s vamos disponibilizar melhores vagas para os nossos clientes. Vamos dar mais conforto para eles. Tem pessoas que ocupam as [&hellip;]<\/p>\n","protected":false},"author":1,"featured_media":41535,"comment_status":"closed","ping_status":"closed","sticky":false,"template":"","format":"standard","meta":{"footnotes":""},"categories":[310],"tags":[],"class_list":{"0":"post-41533","1":"post","2":"type-post","3":"status-publish","4":"format-standard","5":"has-post-thumbnail","7":"category-destaques-da-semana"},"_links":{"self":[{"href":"https:\/\/senoticias.com.br\/se\/wp-json\/wp\/v2\/posts\/41533"}],"collection":[{"href":"https:\/\/senoticias.com.br\/se\/wp-json\/wp\/v2\/posts"}],"about":[{"href":"https:\/\/senoticias.com.br\/se\/wp-json\/wp\/v2\/types\/post"}],"author":[{"embeddable":true,"href":"https:\/\/senoticias.com.br\/se\/wp-json\/wp\/v2\/users\/1"}],"replies":[{"embeddable":true,"href":"https:\/\/senoticias.com.br\/se\/wp-json\/wp\/v2\/comments?post=41533"}],"version-history":[{"count":0,"href":"https:\/\/senoticias.com.br\/se\/wp-json\/wp\/v2\/posts\/41533\/revisions"}],"wp:featuredmedia":[{"embeddable":true,"href":"https:\/\/senoticias.com.br\/se\/wp-json\/wp\/v2\/media\/41535"}],"wp:attachment":[{"href":"https:\/\/senoticias.com.br\/se\/wp-json\/wp\/v2\/media?parent=41533"}],"wp:term":[{"taxonomy":"category","embeddable":true,"href":"https:\/\/senoticias.com.br\/se\/wp-json\/wp\/v2\/categories?post=41533"},{"taxonomy":"post_tag","embeddable":true,"href":"https:\/\/senoticias.com.br\/se\/wp-json\/wp\/v2\/tags?post=41533"}],"curies":[{"name":"wp","href":"https:\/\/api.w.org\/{rel}","templated":true}]}}