{"id":41529,"date":"2012-11-24T16:02:05","date_gmt":"2012-11-24T19:02:05","guid":{"rendered":"http:\/\/senoticias.com.br\/se\/?p=41529"},"modified":"2012-11-27T05:03:49","modified_gmt":"2012-11-27T08:03:49","slug":"atirador-mata-prefeito-primeira-dama-e-gerente-da-embasa-de-jussiape","status":"publish","type":"post","link":"https:\/\/senoticias.com.br\/se\/atirador-mata-prefeito-primeira-dama-e-gerente-da-embasa-de-jussiape\/","title":{"rendered":"Prefeito e primeira-dama s\u00e3o assassinados dentro de casa na Bahia"},"content":{"rendered":"<h5><strong>Do G1 BA<\/strong><\/h5>\n<p><strong>Crimes ocorreram entre 9h e 9h30 deste s\u00e1bado no sudoeste da Bahia.<\/strong><br \/>\n<strong> Atirador baleou ainda dois PMs e um mototaxista. Ele morreu no confronto.<\/strong><\/p>\n<div id=\"attachment_41554\" style=\"width: 310px\" class=\"wp-caption alignleft\"><a href=\"http:\/\/senoticias.com.br\/se\/wp-content\/uploads\/2012\/11\/Vel\u00f3rio.jpg\"><img loading=\"lazy\" decoding=\"async\" aria-describedby=\"caption-attachment-41554\" class=\"size-medium wp-image-41554\" title=\"Vel\u00f3rio\" src=\"http:\/\/senoticias.com.br\/se\/wp-content\/uploads\/2012\/11\/Vel\u00f3rio-300x180.jpg\" alt=\"\" width=\"300\" height=\"180\" srcset=\"https:\/\/senoticias.com.br\/se\/wp-content\/uploads\/2012\/11\/Vel\u00f3rio-300x180.jpg 300w, https:\/\/senoticias.com.br\/se\/wp-content\/uploads\/2012\/11\/Vel\u00f3rio-342x205.jpg 342w, https:\/\/senoticias.com.br\/se\/wp-content\/uploads\/2012\/11\/Vel\u00f3rio.jpg 598w\" sizes=\"(max-width: 300px) 100vw, 300px\" \/><\/a><p id=\"caption-attachment-41554\" class=\"wp-caption-text\">Corpo do prefeito, da primeira-dama e do gerente da Embasa s\u00e3o velados em Jussiape. (Foto: Will Assun\u00e7\u00e3o\/Jussi Up Press)<\/p><\/div>\n<p style=\"text-align: justify;\">O prefeito de Jussiape, Proc\u00f3pio Alencar, e a primeira-dama da cidade, Jandira Oliveira Alencar, foram assassinados na manh\u00e3 deste s\u00e1bado (24). O delegado Edson Santos de Souza, da cidade vizinha de Livramento de Nossa Senhora, primeiro a chegar ao local do crime, contou que o prefeito foi morto em seu consult\u00f3rio m\u00e9dico. A esposa dele passava pela rua, perto do consult\u00f3rio, quando tamb\u00e9m foi alvo de tiros.<\/p>\n<p style=\"text-align: justify;\">O gerente da Empresa Baiana de \u00c1guas e Saneamento (Embasa), Ordelange Novaes, de 46 anos, foi baleado e socorrido, mas morreu a caminho do Hospital Geral de Livramento de Nossa Senhora. Um dos dois policiais militares que estavam na cidade no momento do crime foi ferido com um tiro efetuado pelo mesmo criminoso e socorrido para o hospital geral, de acordo com o delegado.<\/p>\n<p style=\"text-align: justify;\">O autor do crime, identificado pela pol\u00edcia como Claudionor Galv\u00e3o de Oliveira, morreu em confronto com o outro policial da cidade, que tamb\u00e9m saiu ferido. O autor estava com duas armas &#8211; rev\u00f3lver calibre 38 e espingarda de cartucho, al\u00e9m de muitas muni\u00e7\u00f5es, segundo informa\u00e7\u00f5es da pol\u00edcia.<\/p>\n<p style=\"text-align: justify;\">O atirador ainda rendeu um mototaxista e o fez de escudo humano. O ref\u00e9m foi ferido durante confronto do atirador com a pol\u00edcia.<br \/>\nOs crimes aconteceram entre as 9h e as 9h30 deste s\u00e1bado. Os corpos das v\u00edtimas foram levados para o Departamento de Pol\u00edcia T\u00e9cnica (DPT) de Brumado.<\/p>\n<p style=\"text-align: justify;\"><strong>Investiga\u00e7\u00e3o<\/strong><\/p>\n<div id=\"attachment_41532\" style=\"width: 310px\" class=\"wp-caption alignleft\"><a href=\"http:\/\/senoticias.com.br\/se\/wp-content\/uploads\/2012\/11\/Corpos.jpg\"><img loading=\"lazy\" decoding=\"async\" aria-describedby=\"caption-attachment-41532\" class=\"size-medium wp-image-41532\" title=\"Corpos\" src=\"http:\/\/senoticias.com.br\/se\/wp-content\/uploads\/2012\/11\/Corpos-300x225.jpg\" alt=\"\" width=\"300\" height=\"225\" srcset=\"https:\/\/senoticias.com.br\/se\/wp-content\/uploads\/2012\/11\/Corpos-300x225.jpg 300w, https:\/\/senoticias.com.br\/se\/wp-content\/uploads\/2012\/11\/Corpos-342x256.jpg 342w, https:\/\/senoticias.com.br\/se\/wp-content\/uploads\/2012\/11\/Corpos-60x45.jpg 60w, https:\/\/senoticias.com.br\/se\/wp-content\/uploads\/2012\/11\/Corpos-150x113.jpg 150w, https:\/\/senoticias.com.br\/se\/wp-content\/uploads\/2012\/11\/Corpos-269x201.jpg 269w, https:\/\/senoticias.com.br\/se\/wp-content\/uploads\/2012\/11\/Corpos.jpg 416w\" sizes=\"(max-width: 300px) 100vw, 300px\" \/><\/a><p id=\"caption-attachment-41532\" class=\"wp-caption-text\">Os corpos do prefeito Proc\u00f3pio Alencar, de sua esposa j\u00e1 est\u00e3o no IML para serem necropsiados. (Foto: Lay Amorim\/Brumado Not\u00edcias).<\/p><\/div>\n<p style=\"text-align: justify;\">Dois delegados da regi\u00e3o e a for\u00e7a especial da Pol\u00edcia Militar foram deslocados para a cidade. A motiva\u00e7\u00e3o e a circunst\u00e2ncia do crime ainda s\u00e3o desconhecidas e est\u00e3o sendo apuradas no local.<\/p>\n<p style=\"text-align: justify;\">O secret\u00e1rio de Seguran\u00e7a P\u00fablica, Maur\u00edcio Barbosa, o delegado-chefe da Pol\u00edcia Civil, H\u00e9lio Jorge, e o comandante-geral da Pol\u00edcia Militar, Alfredo Castro, foram para a cidade.<\/p>\n<p style=\"text-align: justify;\">Jussiape fica situada na regi\u00e3o sudoeste da Bahia.<\/p>\n","protected":false},"excerpt":{"rendered":"<p>Do G1 BA Crimes ocorreram entre 9h e 9h30 deste s\u00e1bado no sudoeste da Bahia. Atirador baleou ainda dois PMs e um mototaxista. Ele morreu no confronto. O prefeito de Jussiape, Proc\u00f3pio Alencar, e a primeira-dama da cidade, Jandira Oliveira Alencar, foram assassinados na manh\u00e3 deste s\u00e1bado (24). O delegado Edson Santos de Souza, da [&hellip;]<\/p>\n","protected":false},"author":1,"featured_media":41554,"comment_status":"closed","ping_status":"closed","sticky":false,"template":"","format":"standard","meta":{"footnotes":""},"categories":[310,7],"tags":[312,313,314],"class_list":{"0":"post-41529","1":"post","2":"type-post","3":"status-publish","4":"format-standard","5":"has-post-thumbnail","7":"category-destaques-da-semana","8":"category-policia","9":"tag-assassinato","10":"tag-jussiape","11":"tag-prefeito"},"_links":{"self":[{"href":"https:\/\/senoticias.com.br\/se\/wp-json\/wp\/v2\/posts\/41529"}],"collection":[{"href":"https:\/\/senoticias.com.br\/se\/wp-json\/wp\/v2\/posts"}],"about":[{"href":"https:\/\/senoticias.com.br\/se\/wp-json\/wp\/v2\/types\/post"}],"author":[{"embeddable":true,"href":"https:\/\/senoticias.com.br\/se\/wp-json\/wp\/v2\/users\/1"}],"replies":[{"embeddable":true,"href":"https:\/\/senoticias.com.br\/se\/wp-json\/wp\/v2\/comments?post=41529"}],"version-history":[{"count":0,"href":"https:\/\/senoticias.com.br\/se\/wp-json\/wp\/v2\/posts\/41529\/revisions"}],"wp:featuredmedia":[{"embeddable":true,"href":"https:\/\/senoticias.com.br\/se\/wp-json\/wp\/v2\/media\/41554"}],"wp:attachment":[{"href":"https:\/\/senoticias.com.br\/se\/wp-json\/wp\/v2\/media?parent=41529"}],"wp:term":[{"taxonomy":"category","embeddable":true,"href":"https:\/\/senoticias.com.br\/se\/wp-json\/wp\/v2\/categories?post=41529"},{"taxonomy":"post_tag","embeddable":true,"href":"https:\/\/senoticias.com.br\/se\/wp-json\/wp\/v2\/tags?post=41529"}],"curies":[{"name":"wp","href":"https:\/\/api.w.org\/{rel}","templated":true}]}}