{"id":41526,"date":"2012-11-24T15:39:02","date_gmt":"2012-11-24T18:39:02","guid":{"rendered":"http:\/\/senoticias.com.br\/se\/?p=41526"},"modified":"2012-11-24T15:39:29","modified_gmt":"2012-11-24T18:39:29","slug":"dilma-exonera-chefe-do-escritorio-da-presidencia-da-republica-em-sao-paulo","status":"publish","type":"post","link":"https:\/\/senoticias.com.br\/se\/dilma-exonera-chefe-do-escritorio-da-presidencia-da-republica-em-sao-paulo\/","title":{"rendered":"Dilma exonera chefe do escrit\u00f3rio da Presid\u00eancia da Rep\u00fablica em S\u00e3o Paulo"},"content":{"rendered":"<h5><span style=\"color: #333333;\"><em><strong>VALDO CRUZ, MATHEUS LEIT\u00c3O E LEANDRO COLON, DE BRAS\u00cdLIA &#8211; FOLHA DE S\u00c3O PAULO<\/strong><\/em><\/span><\/h5>\n<p style=\"text-align: justify;\">O Pal\u00e1cio do Planalto decidiu neste s\u00e1bado demitir ou afastar todos os servidores envolvidos na Opera\u00e7\u00e3o Porto Seguro, entre eles a chefe de gabinete da Presid\u00eancia em S\u00e3o Paulo, Rosemary Novoa de Noronha.<\/p>\n<div id=\"attachment_41527\" style=\"width: 560px\" class=\"wp-caption aligncenter\"><a href=\"http:\/\/senoticias.com.br\/se\/wp-content\/uploads\/2012\/11\/Chefe.jpeg\"><img loading=\"lazy\" decoding=\"async\" aria-describedby=\"caption-attachment-41527\" class=\"size-full wp-image-41527\" title=\"Chefe\" src=\"http:\/\/senoticias.com.br\/se\/wp-content\/uploads\/2012\/11\/Chefe.jpeg\" alt=\"\" width=\"550\" height=\"369\" srcset=\"https:\/\/senoticias.com.br\/se\/wp-content\/uploads\/2012\/11\/Chefe.jpeg 550w, https:\/\/senoticias.com.br\/se\/wp-content\/uploads\/2012\/11\/Chefe-300x201.jpg 300w, https:\/\/senoticias.com.br\/se\/wp-content\/uploads\/2012\/11\/Chefe-342x229.jpg 342w\" sizes=\"(max-width: 550px) 100vw, 550px\" \/><\/a><p id=\"caption-attachment-41527\" class=\"wp-caption-text\">Rosemary de Noronha em festa do programa &quot;Superpop&quot;, da RedeTV!, em 2010.(Fabio Guinalz\/AgNews)<\/p><\/div>\n<p style=\"text-align: justify;\">A decis\u00e3o foi tomada nesta manh\u00e3 em reuni\u00e3o no Pal\u00e1cio do Alvorada. Em nota, o governo anunciou que &#8220;todos os servidores indiciados na Opera\u00e7\u00e3o Porto Seguro da Pol\u00edcia Federal ser\u00e3o afastados ou exonerados de suas fun\u00e7\u00f5es&#8221;.<\/p>\n<p style=\"text-align: justify;\">Rosemary Noronha ser\u00e1 demitida do cargo. Ela foi indiciada pela Pol\u00edcia Federal por suspeita de envolvimento numa organiza\u00e7\u00e3o criminosa infiltrada no governo para obten\u00e7\u00e3o de pareceres t\u00e9cnicos fraudulentos.<\/p>\n<p style=\"text-align: justify;\">Logo ap\u00f3s a decis\u00e3o do governo de afastar Rosemary, ela mesmo encaminhou uma carta pedindo para deixar o cargo.<\/p>\n<p style=\"text-align: justify;\">Outro que ser\u00e1 exonerado \u00e9 Jos\u00e9 Weber Holanda, bra\u00e7o direito do ministro Lu\u00eds In\u00e1cio Adams na AGU (Advocacia-Geral da Uni\u00e3o). Holanda faria parte do esquema e foi alvo de apreens\u00e3o de documentos por parte da PF na sexta-feira.<\/p>\n<p style=\"text-align: justify;\">Segundo a PF, Rosemary \u00e9 suspeita de corrup\u00e7\u00e3o, tr\u00e1fico de influ\u00eancia e falsidade ideol\u00f3gica. Na sexta-feira, a PF apreendeu documentos e copiou arquivos eletr\u00f4nicos do escrit\u00f3rio da Presid\u00eancia em S\u00e3o Paulo, onde ela trabalha. A servidora teria exigido vantagens financeiras em troca de ajudar o esquema dentro do governo.<\/p>\n<p style=\"text-align: justify;\">Os pedidos eram feitos a empres\u00e1rios pelos dois irm\u00e3os envolvidos no esquema, Paulo e Rubens Vieira, indicados por ela para cargos no governo. O primeiro \u00e9 diretor da ANA (Ag\u00eancia Nacional de \u00e1guas) e o segundo da Anac (Ag\u00eancia Nacional de Avia\u00e7\u00e3o Civil). Os dois tamb\u00e9m ser\u00e3o afastados.<\/p>\n<p style=\"text-align: justify;\">Rosemary come\u00e7ou a trabalhar no governo federal em fevereiro de 2003, como assessora especial do gabinete regional. Em 2005, passou a chefe do escrit\u00f3rio da Presid\u00eancia em S\u00e3o Paulo.<\/p>\n<p style=\"text-align: justify;\">O esquema foi informado \u00e0 PF por um ex-funcion\u00e1rio do TCU, que alegou ter sido procurado por um advogado para emitir pareceres t\u00e9cnicos favor\u00e1veis a uma empresa em troca de R$ 300 mil.<\/p>\n<p style=\"text-align: justify;\">Ap\u00f3s receber R$ 100 mil, o delator teria se arrependido e prestou depoimento \u00e0 PF em S\u00e3o Paulo, em mar\u00e7o de 2011, quando come\u00e7aram as apura\u00e7\u00f5es.<\/p>\n<p style=\"text-align: justify;\"><strong>Leia abaixo a \u00edntegra da nota divulgada pela Secretaria de Comunica\u00e7\u00e3o Social da Presid\u00eancia:<\/strong><\/p>\n<p style=\"text-align: justify;\">&#8220;Por determina\u00e7\u00e3o da Presid\u00eancia da Rep\u00fablica, todos os servidores indiciados na Opera\u00e7\u00e3o Porto Seguro da Pol\u00edcia Federal ser\u00e3o afastados ou exonerados de suas fun\u00e7\u00f5es. Todos os \u00f3rg\u00e3os citados no inqu\u00e9rito dever\u00e3o abrir processo de sindic\u00e2ncia.<\/p>\n<p style=\"text-align: justify;\">No que se refere aos diretores das Ag\u00eancias, foi determinado o afastamento, com abertura do processo disciplinar respectivo.<\/p>\n<p style=\"text-align: justify;\">Secretaria de Comunica\u00e7\u00e3o Social da Presid\u00eancia da Rep\u00fablica.&#8221;<\/p>\n","protected":false},"excerpt":{"rendered":"<p>VALDO CRUZ, MATHEUS LEIT\u00c3O E LEANDRO COLON, DE BRAS\u00cdLIA &#8211; FOLHA DE S\u00c3O PAULO O Pal\u00e1cio do Planalto decidiu neste s\u00e1bado demitir ou afastar todos os servidores envolvidos na Opera\u00e7\u00e3o Porto Seguro, entre eles a chefe de gabinete da Presid\u00eancia em S\u00e3o Paulo, Rosemary Novoa de Noronha. A decis\u00e3o foi tomada nesta manh\u00e3 em reuni\u00e3o [&hellip;]<\/p>\n","protected":false},"author":1,"featured_media":41527,"comment_status":"closed","ping_status":"closed","sticky":false,"template":"","format":"standard","meta":{"footnotes":""},"categories":[15,6],"tags":[],"class_list":{"0":"post-41526","1":"post","2":"type-post","3":"status-publish","4":"format-standard","5":"has-post-thumbnail","7":"category-destaques","8":"category-politica"},"_links":{"self":[{"href":"https:\/\/senoticias.com.br\/se\/wp-json\/wp\/v2\/posts\/41526"}],"collection":[{"href":"https:\/\/senoticias.com.br\/se\/wp-json\/wp\/v2\/posts"}],"about":[{"href":"https:\/\/senoticias.com.br\/se\/wp-json\/wp\/v2\/types\/post"}],"author":[{"embeddable":true,"href":"https:\/\/senoticias.com.br\/se\/wp-json\/wp\/v2\/users\/1"}],"replies":[{"embeddable":true,"href":"https:\/\/senoticias.com.br\/se\/wp-json\/wp\/v2\/comments?post=41526"}],"version-history":[{"count":0,"href":"https:\/\/senoticias.com.br\/se\/wp-json\/wp\/v2\/posts\/41526\/revisions"}],"wp:featuredmedia":[{"embeddable":true,"href":"https:\/\/senoticias.com.br\/se\/wp-json\/wp\/v2\/media\/41527"}],"wp:attachment":[{"href":"https:\/\/senoticias.com.br\/se\/wp-json\/wp\/v2\/media?parent=41526"}],"wp:term":[{"taxonomy":"category","embeddable":true,"href":"https:\/\/senoticias.com.br\/se\/wp-json\/wp\/v2\/categories?post=41526"},{"taxonomy":"post_tag","embeddable":true,"href":"https:\/\/senoticias.com.br\/se\/wp-json\/wp\/v2\/tags?post=41526"}],"curies":[{"name":"wp","href":"https:\/\/api.w.org\/{rel}","templated":true}]}}