{"id":41208,"date":"2012-11-15T22:15:58","date_gmt":"2012-11-16T01:15:58","guid":{"rendered":"http:\/\/senoticias.com.br\/se\/?p=41208"},"modified":"2012-11-15T22:17:32","modified_gmt":"2012-11-16T01:17:32","slug":"gilmar-mantem-decisao-de-pedir-na-justica-os-cargos-de-ulices-andrade-e-luis-augusto-no-tce","status":"publish","type":"post","link":"https:\/\/senoticias.com.br\/se\/gilmar-mantem-decisao-de-pedir-na-justica-os-cargos-de-ulices-andrade-e-luis-augusto-no-tce\/","title":{"rendered":"Gilmar vai pedir na Justi\u00e7a os cargos de Ulices Andrade e Luis Augusto no TCE"},"content":{"rendered":"<p>&nbsp;<\/p>\n<div id=\"attachment_40116\" style=\"width: 280px\" class=\"wp-caption alignleft\"><a href=\"http:\/\/senoticias.com.br\/se\/wp-content\/uploads\/2012\/10\/Gilmar-Carvalho.jpg\"><img loading=\"lazy\" decoding=\"async\" aria-describedby=\"caption-attachment-40116\" class=\"size-full wp-image-40116\" title=\"Gilmar Carvalho\" src=\"http:\/\/senoticias.com.br\/se\/wp-content\/uploads\/2012\/10\/Gilmar-Carvalho.jpg\" alt=\"\" width=\"270\" height=\"187\" srcset=\"https:\/\/senoticias.com.br\/se\/wp-content\/uploads\/2012\/10\/Gilmar-Carvalho.jpg 270w, https:\/\/senoticias.com.br\/se\/wp-content\/uploads\/2012\/10\/Gilmar-Carvalho-269x187.jpg 269w\" sizes=\"(max-width: 270px) 100vw, 270px\" \/><\/a><p id=\"caption-attachment-40116\" class=\"wp-caption-text\">Gilmar Carvalho. (Foto: Reprodu\u00e7\u00e3o)<\/p><\/div>\n<p style=\"text-align: justify;\">O deputado estadual Gilmar Carvalho (PR) disse hoje, 15, que vai aguardar a decis\u00e3o da Assembleia Legislativa sobre a concess\u00e3o da liminar, pela desembargadora Suzana Carvalho, ao Mandado de Seguran\u00e7a de Belivaldo Chagas, que suspendeu a elei\u00e7\u00e3o da deputada Susana Azevedo para o cargo de conselheira do Tribunal de Contas do Estado.<\/p>\n<p style=\"text-align: justify;\">&#8220;N\u00e3o opinarei. Vou aguardar a decis\u00e3o da Assembleia&#8221;, disse o parlamentar.<\/p>\n<p style=\"text-align: justify;\">Gilmar tamb\u00e9m disse que, se a Assembleia recorrer e o Pleno do Tribunal de Justi\u00e7a decidir anular a elei\u00e7\u00e3o de Susana Azevedo por causa de seu voto, vai ajuizar a\u00e7\u00e3o pela anula\u00e7\u00e3o da elei\u00e7\u00e3o da elei\u00e7\u00e3o de Ulices Andrade e Luis Augusto Ribeiro para conselheiros do Tribunal de Contas.<\/p>\n<p style=\"text-align: justify;\">&#8220;Se eu n\u00e3o posso votar, porque entendem que defendi interesse pessoal, Ulices n\u00e3o podia ter votado nele e Luis Augusto n\u00e3o podia ser eleito com o voto de seu filho, o deputado Gustinho Ribeiro&#8221;, disse Gilmar.<\/p>\n<p style=\"text-align: justify;\">&#8220;Tamb\u00e9m h\u00e1 um outro detalhe, important\u00edssimo, que prefiro n\u00e3o revelar no momento&#8221;, assegurou o deputado.<\/p>\n<h5 style=\"text-align: justify;\"><em><strong>Reda\u00e7\u00e3o Ne Not\u00edcias<\/strong><\/em><\/h5>\n","protected":false},"excerpt":{"rendered":"<p>&nbsp; O deputado estadual Gilmar Carvalho (PR) disse hoje, 15, que vai aguardar a decis\u00e3o da Assembleia Legislativa sobre a concess\u00e3o da liminar, pela desembargadora Suzana Carvalho, ao Mandado de Seguran\u00e7a de Belivaldo Chagas, que suspendeu a elei\u00e7\u00e3o da deputada Susana Azevedo para o cargo de conselheira do Tribunal de Contas do Estado. &#8220;N\u00e3o opinarei. [&hellip;]<\/p>\n","protected":false},"author":1,"featured_media":40116,"comment_status":"closed","ping_status":"closed","sticky":false,"template":"","format":"standard","meta":{"footnotes":""},"categories":[6],"tags":[],"class_list":{"0":"post-41208","1":"post","2":"type-post","3":"status-publish","4":"format-standard","5":"has-post-thumbnail","7":"category-politica"},"_links":{"self":[{"href":"https:\/\/senoticias.com.br\/se\/wp-json\/wp\/v2\/posts\/41208"}],"collection":[{"href":"https:\/\/senoticias.com.br\/se\/wp-json\/wp\/v2\/posts"}],"about":[{"href":"https:\/\/senoticias.com.br\/se\/wp-json\/wp\/v2\/types\/post"}],"author":[{"embeddable":true,"href":"https:\/\/senoticias.com.br\/se\/wp-json\/wp\/v2\/users\/1"}],"replies":[{"embeddable":true,"href":"https:\/\/senoticias.com.br\/se\/wp-json\/wp\/v2\/comments?post=41208"}],"version-history":[{"count":0,"href":"https:\/\/senoticias.com.br\/se\/wp-json\/wp\/v2\/posts\/41208\/revisions"}],"wp:featuredmedia":[{"embeddable":true,"href":"https:\/\/senoticias.com.br\/se\/wp-json\/wp\/v2\/media\/40116"}],"wp:attachment":[{"href":"https:\/\/senoticias.com.br\/se\/wp-json\/wp\/v2\/media?parent=41208"}],"wp:term":[{"taxonomy":"category","embeddable":true,"href":"https:\/\/senoticias.com.br\/se\/wp-json\/wp\/v2\/categories?post=41208"},{"taxonomy":"post_tag","embeddable":true,"href":"https:\/\/senoticias.com.br\/se\/wp-json\/wp\/v2\/tags?post=41208"}],"curies":[{"name":"wp","href":"https:\/\/api.w.org\/{rel}","templated":true}]}}