{"id":41205,"date":"2012-11-15T19:15:19","date_gmt":"2012-11-15T22:15:19","guid":{"rendered":"http:\/\/senoticias.com.br\/se\/?p=41205"},"modified":"2012-11-17T20:03:01","modified_gmt":"2012-11-17T23:03:01","slug":"tim-recebeu-oficio-da-anatel-pedindo-suspensao-de-promocao","status":"publish","type":"post","link":"https:\/\/senoticias.com.br\/se\/tim-recebeu-oficio-da-anatel-pedindo-suspensao-de-promocao\/","title":{"rendered":"TIM recebeu of\u00edcio da Anatel pedindo suspens\u00e3o de promo\u00e7\u00e3o"},"content":{"rendered":"<p>&nbsp;<\/p>\n<h5><em><strong>Do G1, em S\u00e3o Paulo<\/strong><\/em><\/h5>\n<div id=\"attachment_41207\" style=\"width: 310px\" class=\"wp-caption alignleft\"><a href=\"http:\/\/senoticias.com.br\/se\/wp-content\/uploads\/2012\/11\/tim.jpg\"><img loading=\"lazy\" decoding=\"async\" aria-describedby=\"caption-attachment-41207\" class=\"size-medium wp-image-41207\" title=\"tim\" src=\"http:\/\/senoticias.com.br\/se\/wp-content\/uploads\/2012\/11\/tim-300x197.jpg\" alt=\"\" width=\"300\" height=\"197\" srcset=\"https:\/\/senoticias.com.br\/se\/wp-content\/uploads\/2012\/11\/tim-300x197.jpg 300w, https:\/\/senoticias.com.br\/se\/wp-content\/uploads\/2012\/11\/tim-342x224.jpg 342w, https:\/\/senoticias.com.br\/se\/wp-content\/uploads\/2012\/11\/tim.jpg 400w\" sizes=\"(max-width: 300px) 100vw, 300px\" \/><\/a><p id=\"caption-attachment-41207\" class=\"wp-caption-text\">Imagem ilustrativa<\/p><\/div>\n<p style=\"text-align: justify;\">A TIM recebeu of\u00edcio da Ag\u00eancia Nacional de Telecomunica\u00e7\u00f5es (Anatel) pedindo a suspens\u00e3o de uma promo\u00e7\u00e3o da operadora, lan\u00e7ada na \u00faltima ter\u00e7a-feira (13), segundo a assessoria de imprensa informou nesta quinta-feira.<\/p>\n<p style=\"text-align: justify;\">A oferta, val\u00edda para 19 DDDs em cerca de cinco estados, permite aos usu\u00e1rios fazer liga\u00e7\u00f5es ilimitadas entre n\u00fameros da operadora pagando R$ 0,50 por dia. A tarifa regular da TIM \u00e9 de R$ 0,25 por liga\u00e7\u00e3o entre telefones da operadora.<\/p>\n<p style=\"text-align: justify;\">O G1 apurou que a Anatel ir\u00e1 publicar despacho cautelar na sexta-feira (16) ou na segunda-feira (19) pedindo a suspens\u00e3o do Plano Infinity Day, da operadora TIM. A ag\u00eancia teria considerado insuficientes as informa\u00e7\u00f5es prestadas pela TIM sobre os impactos esperados na rede da operadora com a promo\u00e7\u00e3o.<\/p>\n<p style=\"text-align: justify;\">As raz\u00f5es t\u00e9cnicas espec\u00edficas para a suspens\u00e3o ser\u00e3o explicadas no despacho da ag\u00eancias, mas a medida teria como finalidade evitar sobrecarga na rede em um momento em que o plano de melhorias da operadora ainda est\u00e1 em fase de avalia\u00e7\u00e3o pela Anatel.<\/p>\n<p style=\"text-align: justify;\"><strong>Suspens\u00e3o de vendas<\/strong><\/p>\n<p style=\"text-align: justify;\">Em julho deste ano, a TIM teve a venda suspensa pela Anatel, em <strong><a href=\" http:\/\/senoticias.com.br\/se\/?p=37240\" target=\"_blank\">18 estados mais o Distrito Federal, por conta das reclama\u00e7\u00f5es registradas entre janeiro de 2011 e junho deste ano.<\/a><\/strong><\/p>\n","protected":false},"excerpt":{"rendered":"<p>&nbsp; Do G1, em S\u00e3o Paulo A TIM recebeu of\u00edcio da Ag\u00eancia Nacional de Telecomunica\u00e7\u00f5es (Anatel) pedindo a suspens\u00e3o de uma promo\u00e7\u00e3o da operadora, lan\u00e7ada na \u00faltima ter\u00e7a-feira (13), segundo a assessoria de imprensa informou nesta quinta-feira. A oferta, val\u00edda para 19 DDDs em cerca de cinco estados, permite aos usu\u00e1rios fazer liga\u00e7\u00f5es ilimitadas entre [&hellip;]<\/p>\n","protected":false},"author":1,"featured_media":41207,"comment_status":"closed","ping_status":"closed","sticky":false,"template":"","format":"standard","meta":{"footnotes":""},"categories":[38],"tags":[],"class_list":{"0":"post-41205","1":"post","2":"type-post","3":"status-publish","4":"format-standard","5":"has-post-thumbnail","7":"category-municipios"},"_links":{"self":[{"href":"https:\/\/senoticias.com.br\/se\/wp-json\/wp\/v2\/posts\/41205"}],"collection":[{"href":"https:\/\/senoticias.com.br\/se\/wp-json\/wp\/v2\/posts"}],"about":[{"href":"https:\/\/senoticias.com.br\/se\/wp-json\/wp\/v2\/types\/post"}],"author":[{"embeddable":true,"href":"https:\/\/senoticias.com.br\/se\/wp-json\/wp\/v2\/users\/1"}],"replies":[{"embeddable":true,"href":"https:\/\/senoticias.com.br\/se\/wp-json\/wp\/v2\/comments?post=41205"}],"version-history":[{"count":0,"href":"https:\/\/senoticias.com.br\/se\/wp-json\/wp\/v2\/posts\/41205\/revisions"}],"wp:featuredmedia":[{"embeddable":true,"href":"https:\/\/senoticias.com.br\/se\/wp-json\/wp\/v2\/media\/41207"}],"wp:attachment":[{"href":"https:\/\/senoticias.com.br\/se\/wp-json\/wp\/v2\/media?parent=41205"}],"wp:term":[{"taxonomy":"category","embeddable":true,"href":"https:\/\/senoticias.com.br\/se\/wp-json\/wp\/v2\/categories?post=41205"},{"taxonomy":"post_tag","embeddable":true,"href":"https:\/\/senoticias.com.br\/se\/wp-json\/wp\/v2\/tags?post=41205"}],"curies":[{"name":"wp","href":"https:\/\/api.w.org\/{rel}","templated":true}]}}