{"id":41202,"date":"2012-11-15T14:59:50","date_gmt":"2012-11-15T17:59:50","guid":{"rendered":"http:\/\/senoticias.com.br\/se\/?p=41202"},"modified":"2012-11-15T14:59:50","modified_gmt":"2012-11-15T17:59:50","slug":"paciente-e-retirado-da-ambulancia-do-samu-e-executado-em-simao-dias","status":"publish","type":"post","link":"https:\/\/senoticias.com.br\/se\/paciente-e-retirado-da-ambulancia-do-samu-e-executado-em-simao-dias\/","title":{"rendered":"Paciente \u00e9 retirado da ambul\u00e2ncia do Samu e executado em Sim\u00e3o Dias"},"content":{"rendered":"<h5><em><strong><a href=\" http:\/\/www.infonet.com.br\/cidade\/ler.asp?id=136653&amp;pagina=1\" target=\"_blank\">Por Aldaci de Souza &#8211; Infonet<\/a><\/strong><\/em><\/h5>\n<div id=\"attachment_21098\" style=\"width: 310px\" class=\"wp-caption alignleft\"><a href=\"http:\/\/senoticias.com.br\/se\/wp-content\/uploads\/2011\/12\/IML.jpg\"><img loading=\"lazy\" decoding=\"async\" aria-describedby=\"caption-attachment-21098\" class=\"size-medium wp-image-21098\" title=\"IML\" src=\"http:\/\/senoticias.com.br\/se\/wp-content\/uploads\/2011\/12\/IML-300x225.jpg\" alt=\"\" width=\"300\" height=\"225\" srcset=\"https:\/\/senoticias.com.br\/se\/wp-content\/uploads\/2011\/12\/IML-300x225.jpg 300w, https:\/\/senoticias.com.br\/se\/wp-content\/uploads\/2011\/12\/IML-342x256.jpg 342w, https:\/\/senoticias.com.br\/se\/wp-content\/uploads\/2011\/12\/IML-60x45.jpg 60w, https:\/\/senoticias.com.br\/se\/wp-content\/uploads\/2011\/12\/IML-150x113.jpg 150w, https:\/\/senoticias.com.br\/se\/wp-content\/uploads\/2011\/12\/IML-269x201.jpg 269w, https:\/\/senoticias.com.br\/se\/wp-content\/uploads\/2011\/12\/IML.jpg 500w\" sizes=\"(max-width: 300px) 100vw, 300px\" \/><\/a><p id=\"caption-attachment-21098\" class=\"wp-caption-text\">O corpo foi removido para o Instituto M\u00e9dico Legal (IML). (Reprodu\u00e7\u00e3o)<\/p><\/div>\n<p style=\"text-align: justify;\">A viol\u00eancia e ousadia dos bandidos vem crescendo assustadoramente no Estado de Sergipe. Na manh\u00e3 desta quinta-feira, 15, um homem foi baleado no p\u00e9 no munic\u00edpio de Po\u00e7o Verde. Como n\u00e3o havia ambul\u00e2ncia do Servi\u00e7o M\u00f3vel de Urg\u00eancia (Samu) dispon\u00edvel para fazer o transporte, foi acionada uma viatura do Samu de Sim\u00e3o Dias.<\/p>\n<p style=\"text-align: justify;\">O paciente estava sendo acompanhado pela tia e para a surpresa do motorista da viatura e da t\u00e9cnica de enfermagem, a ambul\u00e2ncia do Samu foi abordada, no povoado S\u00e3o Jos\u00e9 em Sim\u00e3o Dias, por quatro homens encapuzados que chegaram em um ve\u00edculo.<\/p>\n<p style=\"text-align: justify;\">Eles renderam o motorista, retiraram o paciente e executaram com v\u00e1rios tiros na presen\u00e7a dos socorristas do Samu e da tia da v\u00edtima. Informa\u00e7\u00f5es d\u00e3o conta de que a t\u00e9cnica de enfermagem correu juntamente com a tia do rapaz que foi assassinado, mas um dos homens gritou \u201cn\u00e3o precisam correr, porque j\u00e1 foi feito o que a gente queria\u201d.<\/p>\n<p style=\"text-align: justify;\">Equipes do Instituto de Criminal\u00edstica j\u00e1 foram acionadas e se deslocaram para o Povoado S\u00e3o Jos\u00e9, em Sim\u00e3o Dias. O Instituto M\u00e9dico Legal ainda n\u00e3o foi chamado.<\/p>\n","protected":false},"excerpt":{"rendered":"<p>Por Aldaci de Souza &#8211; Infonet A viol\u00eancia e ousadia dos bandidos vem crescendo assustadoramente no Estado de Sergipe. Na manh\u00e3 desta quinta-feira, 15, um homem foi baleado no p\u00e9 no munic\u00edpio de Po\u00e7o Verde. Como n\u00e3o havia ambul\u00e2ncia do Servi\u00e7o M\u00f3vel de Urg\u00eancia (Samu) dispon\u00edvel para fazer o transporte, foi acionada uma viatura do [&hellip;]<\/p>\n","protected":false},"author":1,"featured_media":21098,"comment_status":"closed","ping_status":"closed","sticky":false,"template":"","format":"standard","meta":{"footnotes":""},"categories":[7],"tags":[],"class_list":{"0":"post-41202","1":"post","2":"type-post","3":"status-publish","4":"format-standard","5":"has-post-thumbnail","7":"category-policia"},"_links":{"self":[{"href":"https:\/\/senoticias.com.br\/se\/wp-json\/wp\/v2\/posts\/41202"}],"collection":[{"href":"https:\/\/senoticias.com.br\/se\/wp-json\/wp\/v2\/posts"}],"about":[{"href":"https:\/\/senoticias.com.br\/se\/wp-json\/wp\/v2\/types\/post"}],"author":[{"embeddable":true,"href":"https:\/\/senoticias.com.br\/se\/wp-json\/wp\/v2\/users\/1"}],"replies":[{"embeddable":true,"href":"https:\/\/senoticias.com.br\/se\/wp-json\/wp\/v2\/comments?post=41202"}],"version-history":[{"count":0,"href":"https:\/\/senoticias.com.br\/se\/wp-json\/wp\/v2\/posts\/41202\/revisions"}],"wp:featuredmedia":[{"embeddable":true,"href":"https:\/\/senoticias.com.br\/se\/wp-json\/wp\/v2\/media\/21098"}],"wp:attachment":[{"href":"https:\/\/senoticias.com.br\/se\/wp-json\/wp\/v2\/media?parent=41202"}],"wp:term":[{"taxonomy":"category","embeddable":true,"href":"https:\/\/senoticias.com.br\/se\/wp-json\/wp\/v2\/categories?post=41202"},{"taxonomy":"post_tag","embeddable":true,"href":"https:\/\/senoticias.com.br\/se\/wp-json\/wp\/v2\/tags?post=41202"}],"curies":[{"name":"wp","href":"https:\/\/api.w.org\/{rel}","templated":true}]}}