{"id":41199,"date":"2012-11-15T10:39:20","date_gmt":"2012-11-15T13:39:20","guid":{"rendered":"http:\/\/senoticias.com.br\/se\/?p=41199"},"modified":"2012-11-17T20:20:03","modified_gmt":"2012-11-17T23:20:03","slug":"pastor-acusado-de-abusar-sexualmente-de-duas-meninas-e-preso-em-japaratuba","status":"publish","type":"post","link":"https:\/\/senoticias.com.br\/se\/pastor-acusado-de-abusar-sexualmente-de-duas-meninas-e-preso-em-japaratuba\/","title":{"rendered":"Pastor acusado de abusar sexualmente de duas meninas \u00e9 preso em Japaratuba"},"content":{"rendered":"<div id=\"attachment_39407\" style=\"width: 270px\" class=\"wp-caption alignleft\"><a href=\"http:\/\/senoticias.com.br\/se\/wp-content\/uploads\/2012\/09\/Algemas-I.jpg\"><img loading=\"lazy\" decoding=\"async\" aria-describedby=\"caption-attachment-39407\" class=\"size-full wp-image-39407\" title=\"Algemas I\" src=\"http:\/\/senoticias.com.br\/se\/wp-content\/uploads\/2012\/09\/Algemas-I.jpg\" alt=\"\" width=\"260\" height=\"194\" srcset=\"https:\/\/senoticias.com.br\/se\/wp-content\/uploads\/2012\/09\/Algemas-I.jpg 260w, https:\/\/senoticias.com.br\/se\/wp-content\/uploads\/2012\/09\/Algemas-I-60x45.jpg 60w, https:\/\/senoticias.com.br\/se\/wp-content\/uploads\/2012\/09\/Algemas-I-150x113.jpg 150w\" sizes=\"(max-width: 260px) 100vw, 260px\" \/><\/a><p id=\"caption-attachment-39407\" class=\"wp-caption-text\">Foto meramente ilustrativa.<\/p><\/div>\n<p style=\"text-align: justify;\">O Departamento de Atendimento aos Grupos Vulner\u00e1veis (DAGV), atrav\u00e9s da Delegacia da Crian\u00e7a de Aracaju, com apoio da Divis\u00e3o de Intelig\u00eancia e Planejamento Policial (Dipol) prendeu nesta quarta-feira, 14, no balne\u00e1rio Rio do Prata, em Japaratuba, o pastor Rob\u00e9rio Lopes da Silva, 46 anos, acusado de abusar sexualmente de duas meninas ambas com 13 e 16 anos. A pol\u00edcia tomou conhecimento do caso no in\u00edcio de agosto quando a m\u00e3e da jovem de 16 anos a levou para a delegacia a fim de denunciar o pastor.<\/p>\n<p style=\"text-align: justify;\">Segundo informa\u00e7\u00f5es da pol\u00edcia, Rob\u00e9rio foi preso no balne\u00e1rio enquanto desfrutava de um banho de rio e bebia cerveja calmamente. No ato da pris\u00e3o, ao ser abordado pelos policiais, ele disse se chamar Serginho, mas a simula\u00e7\u00e3o n\u00e3o conseguiu enganar os policiais que o procuravam h\u00e1 mais de duas semanas.<\/p>\n<p style=\"text-align: justify;\">A m\u00e3e da adolescente de 16 anos disse em depoimento que o pastor ligou para ela e pediu autoriza\u00e7\u00e3o para ir a casa da fam\u00edlia fazer uma ora\u00e7\u00e3o pela filha porque a menina estaria sendo v\u00edtima de `encostos`. A senhora relata que ao chegar em casa encontrou a filha em estado de choque. Na \u00e9poca, um len\u00e7ol sujo foi apresentado ao DAGV como prova da consuma\u00e7\u00e3o do ato sexual. A pol\u00edcia come\u00e7ou a investigar o caso, que ganhou grande repercuss\u00e3o na imprensa.<\/p>\n<p style=\"text-align: justify;\">A divulga\u00e7\u00e3o do crime fez com que outra menina de 13 anos procurasse o DAGV para denunciar o pastor pelo mesmo crime. A v\u00edtima contou que o pastor a atendeu em maio de 2010 e alegou que ela estaria sendo v\u00edtima do dem\u00f4nio e precisaria de uma ora\u00e7\u00e3o para se libertar. Segundo a delegada Lara Schuster, este tipo de crime \u00e9 identificado no artigo 215 do C\u00f3digo Penal como viola\u00e7\u00e3o sexual mediante fraude.<\/p>\n<p style=\"text-align: justify;\">De acordo com a delegada, diante da comprova\u00e7\u00e3o do crime, a pris\u00e3o de Rob\u00e9rio acabou decretada pela 11\u00aa Vara Criminal no dia 19 de outubro de 2012. &#8220;Tentamos cumprir o mandado v\u00e1rias vezes, mas ele n\u00e3o era mais encontrado em nenhum local de Aracaju. Em virtude disso, ele estava sendo considerado foragido&#8221;, disse Lara.<\/p>\n<p style=\"text-align: justify;\">A delegada Lara Schuster informou que toda investiga\u00e7\u00e3o foi presidida pela delegada Mariana Diniz, que est\u00e1 realizando um curso esta semana.<\/p>\n<p style=\"text-align: justify;\"><strong>Entenda o caso<\/strong><\/p>\n<p style=\"text-align: justify;\">O pastor Rob\u00e9rio Lopes da Silva foi acusado, em agosto de 2012, pela m\u00e3e de uma adolescente de abusar sexualmente de sua filha. As investiga\u00e7\u00f5es feitas pela pol\u00edcia, presididas pela delegada Mariana Diniz, apuraram que a vers\u00e3o dada por Rob\u00e9rio apresentava v\u00e1rias inconsist\u00eancias. A pol\u00edcia tamb\u00e9m conseguiu identificar outra v\u00edtima do pastor.<\/p>\n<p style=\"text-align: justify;\">Rob\u00e9rio costumava agir mediante fraude, chegando nas casas das adolescentes e dizendo que tinha &#8220;revela\u00e7\u00f5es divinas&#8221; a fazer, praticando em seguida o ato sexual. &#8220;Ele aproveita-se da imaturidade das v\u00edtimas e da rela\u00e7\u00e3o de confian\u00e7a que mantinha com suas fam\u00edlias, prometendo benef\u00edcios religiosos enganosos, o que caracterizava a fraude&#8221;, explica a delegada Mariana Diniz.<\/p>\n<p style=\"text-align: justify;\"><em><strong>SSP\/SE<\/strong><\/em><\/p>\n","protected":false},"excerpt":{"rendered":"<p>O Departamento de Atendimento aos Grupos Vulner\u00e1veis (DAGV), atrav\u00e9s da Delegacia da Crian\u00e7a de Aracaju, com apoio da Divis\u00e3o de Intelig\u00eancia e Planejamento Policial (Dipol) prendeu nesta quarta-feira, 14, no balne\u00e1rio Rio do Prata, em Japaratuba, o pastor Rob\u00e9rio Lopes da Silva, 46 anos, acusado de abusar sexualmente de duas meninas ambas com 13 e [&hellip;]<\/p>\n","protected":false},"author":1,"featured_media":39407,"comment_status":"closed","ping_status":"closed","sticky":false,"template":"","format":"standard","meta":{"footnotes":""},"categories":[7,46],"tags":[275,276,277,278],"class_list":{"0":"post-41199","1":"post","2":"type-post","3":"status-publish","4":"format-standard","5":"has-post-thumbnail","7":"category-policia","8":"category-religiao","9":"tag-pastor-acusado-de-abusar-sexualmente-de-duas-meninas","10":"tag-pastor-preso-em-japaratuba","11":"tag-pastor-roberio-lopes","12":"tag-policia-prende-pastor"},"_links":{"self":[{"href":"https:\/\/senoticias.com.br\/se\/wp-json\/wp\/v2\/posts\/41199"}],"collection":[{"href":"https:\/\/senoticias.com.br\/se\/wp-json\/wp\/v2\/posts"}],"about":[{"href":"https:\/\/senoticias.com.br\/se\/wp-json\/wp\/v2\/types\/post"}],"author":[{"embeddable":true,"href":"https:\/\/senoticias.com.br\/se\/wp-json\/wp\/v2\/users\/1"}],"replies":[{"embeddable":true,"href":"https:\/\/senoticias.com.br\/se\/wp-json\/wp\/v2\/comments?post=41199"}],"version-history":[{"count":0,"href":"https:\/\/senoticias.com.br\/se\/wp-json\/wp\/v2\/posts\/41199\/revisions"}],"wp:featuredmedia":[{"embeddable":true,"href":"https:\/\/senoticias.com.br\/se\/wp-json\/wp\/v2\/media\/39407"}],"wp:attachment":[{"href":"https:\/\/senoticias.com.br\/se\/wp-json\/wp\/v2\/media?parent=41199"}],"wp:term":[{"taxonomy":"category","embeddable":true,"href":"https:\/\/senoticias.com.br\/se\/wp-json\/wp\/v2\/categories?post=41199"},{"taxonomy":"post_tag","embeddable":true,"href":"https:\/\/senoticias.com.br\/se\/wp-json\/wp\/v2\/tags?post=41199"}],"curies":[{"name":"wp","href":"https:\/\/api.w.org\/{rel}","templated":true}]}}