{"id":41191,"date":"2012-11-15T07:17:40","date_gmt":"2012-11-15T10:17:40","guid":{"rendered":"http:\/\/senoticias.com.br\/se\/?p=41191"},"modified":"2012-11-15T08:29:51","modified_gmt":"2012-11-15T11:29:51","slug":"apos-penalti-horrivel-neymar-coloca-a-culpa-no-gramado-nao-tinha-estabilidade","status":"publish","type":"post","link":"https:\/\/senoticias.com.br\/se\/apos-penalti-horrivel-neymar-coloca-a-culpa-no-gramado-nao-tinha-estabilidade\/","title":{"rendered":"Ap\u00f3s p\u00eanalti &#8220;horr\u00edvel&#8221;, Neymar coloca a culpa no gramado: &#8220;N\u00e3o tinha estabilidade&#8221;"},"content":{"rendered":"<p>&nbsp;<\/p>\n<h5><span style=\"color: #333333;\"><em><strong>Paulo Passos do UOL, em Nova Jersey (Estados Unidos)<\/strong><\/em><\/span><\/h5>\n<div id=\"attachment_41192\" style=\"width: 310px\" class=\"wp-caption alignleft\"><a href=\"http:\/\/senoticias.com.br\/se\/wp-content\/uploads\/2012\/11\/neymar-faz-coracao-com-as-maos-para-comemorar-o-gol-de-empate-do-brasil-contra-a-colombia-nos-estados-unidos-1352947602227_615x300.jpg\"><img loading=\"lazy\" decoding=\"async\" aria-describedby=\"caption-attachment-41192\" class=\"size-medium wp-image-41192\" title=\"Neymar em nova Jersey\" src=\"http:\/\/senoticias.com.br\/se\/wp-content\/uploads\/2012\/11\/neymar-faz-coracao-com-as-maos-para-comemorar-o-gol-de-empate-do-brasil-contra-a-colombia-nos-estados-unidos-1352947602227_615x300-300x146.jpg\" alt=\"\" width=\"300\" height=\"146\" srcset=\"https:\/\/senoticias.com.br\/se\/wp-content\/uploads\/2012\/11\/neymar-faz-coracao-com-as-maos-para-comemorar-o-gol-de-empate-do-brasil-contra-a-colombia-nos-estados-unidos-1352947602227_615x300-300x146.jpg 300w, https:\/\/senoticias.com.br\/se\/wp-content\/uploads\/2012\/11\/neymar-faz-coracao-com-as-maos-para-comemorar-o-gol-de-empate-do-brasil-contra-a-colombia-nos-estados-unidos-1352947602227_615x300-342x166.jpg 342w, https:\/\/senoticias.com.br\/se\/wp-content\/uploads\/2012\/11\/neymar-faz-coracao-com-as-maos-para-comemorar-o-gol-de-empate-do-brasil-contra-a-colombia-nos-estados-unidos-1352947602227_615x300.jpg 615w\" sizes=\"(max-width: 300px) 100vw, 300px\" \/><\/a><p id=\"caption-attachment-41192\" class=\"wp-caption-text\">Neymar fez gola\u00e7o, mas perdeu p\u00eanalti que poderia ter dado vit\u00f3ria ao Brasil contra a Col\u00f4mbia.(Mowa Press)<\/p><\/div>\n<p style=\"text-align: justify;\">Brasil e Col\u00f4mbia empataram por 1 a 1 em amistoso nesta quarta-feira, nos Estados Unidos, mas a equipe de Mano Menezes teve grande chance de vencer nos minutos finais, ap\u00f3s Daniel Alves ser derrubado na \u00e1rea e o \u00e1rbitro marcar p\u00eanalti. O atacante Neymar, por\u00e9m, isolou a cobran\u00e7a, em lance que foi comparado a um field goal de futebol americano. Ap\u00f3s o duelo, o jogador reconheceu que a cobran\u00e7a foi &#8220;horr\u00edvel&#8221;, mas culpou o gramado do est\u00e1dio MetLife, em East Rutherford, Estados Unidos.<\/p>\n<p style=\"text-align: justify;\">&#8220;O p\u00eanalti foi horr\u00edvel&#8230; Mas voc\u00ea deve ter percebido o campo como est\u00e1, n\u00e3o tem estabilidade nenhuma. Ainda fui devagar para a bola, mas n\u00e3o teve jeito&#8230; Acontece&#8230;&#8221;, lamentou o camisa 11 que, minutos antes, havia marcado o gol de empate fazenda jogada pela esquerda da \u00e1rea e batendo colocado, sem chances para o goleiro Ospina. O arqueiro, inclusive, consolou Neymar ap\u00f3s a batida da penalidade.<\/p>\n<p style=\"text-align: justify;\">Apesar de n\u00e3o ter conseguido ajudar o Brasil a sair com a vit\u00f3ria, o atleta do Santos elogiou a partida da sele\u00e7\u00e3o contra a equipe que \u00e9 a atual segunda colocada nas eliminat\u00f3rias sul-americanas para a Copa do Mundo de 2014.<\/p>\n<p style=\"text-align: justify;\">&#8220;A gente fica feliz pela boa participa\u00e7\u00e3o no jogo. O time se comportou bem em campo, mas temos que trabalhar mais e se preparar ainda melhor para os pr\u00f3ximos jogos&#8221;, afirmou.<\/p>\n<p style=\"text-align: justify;\">Mano Menezes, em entrevista coletiva, concordou com Neymar quanto ao gramado ter influenciado na cobran\u00e7a do p\u00eanalti. \u201cGramado influenciou. O gramado dificultou o jogo durante os 90 minutos. \u00c9 uma situa\u00e7\u00e3o t\u00e3o at\u00edpica que nem merece observa\u00e7\u00e3o. Ele vai passar por cima disso\u201d.<\/p>\n<p style=\"text-align: justify;\">Ao ouvir uma pergunta de um jornalista americano que o questionou se ele estava satisfeito com a cobran\u00e7a de Neymar, ele riu. \u201cSatisfeito?\u201d, retrucou, rindo. \u201cNeymar sempre cobra penalidades m\u00e1ximas dessa maneira, n\u00e3o t\u00e3o alto\u201d, brincou.<\/p>\n<p style=\"text-align: justify;\">A sele\u00e7\u00e3o brasileira volta a campo na pr\u00f3xima quarta-feira, contra a Argentina, no jogo de volta do Supercl\u00e1ssico das Am\u00e9ricas. A partida ser\u00e1 no est\u00e1dio La Bombonera, do Boca Juniors, em Buenos Aires.<\/p>\n","protected":false},"excerpt":{"rendered":"<p>&nbsp; Paulo Passos do UOL, em Nova Jersey (Estados Unidos) Brasil e Col\u00f4mbia empataram por 1 a 1 em amistoso nesta quarta-feira, nos Estados Unidos, mas a equipe de Mano Menezes teve grande chance de vencer nos minutos finais, ap\u00f3s Daniel Alves ser derrubado na \u00e1rea e o \u00e1rbitro marcar p\u00eanalti. O atacante Neymar, por\u00e9m, [&hellip;]<\/p>\n","protected":false},"author":1,"featured_media":41192,"comment_status":"closed","ping_status":"closed","sticky":false,"template":"","format":"standard","meta":{"footnotes":""},"categories":[15,39,8],"tags":[],"class_list":{"0":"post-41191","1":"post","2":"type-post","3":"status-publish","4":"format-standard","5":"has-post-thumbnail","7":"category-destaques","8":"category-esporte","9":"category-esporte-e-cultura"},"_links":{"self":[{"href":"https:\/\/senoticias.com.br\/se\/wp-json\/wp\/v2\/posts\/41191"}],"collection":[{"href":"https:\/\/senoticias.com.br\/se\/wp-json\/wp\/v2\/posts"}],"about":[{"href":"https:\/\/senoticias.com.br\/se\/wp-json\/wp\/v2\/types\/post"}],"author":[{"embeddable":true,"href":"https:\/\/senoticias.com.br\/se\/wp-json\/wp\/v2\/users\/1"}],"replies":[{"embeddable":true,"href":"https:\/\/senoticias.com.br\/se\/wp-json\/wp\/v2\/comments?post=41191"}],"version-history":[{"count":0,"href":"https:\/\/senoticias.com.br\/se\/wp-json\/wp\/v2\/posts\/41191\/revisions"}],"wp:featuredmedia":[{"embeddable":true,"href":"https:\/\/senoticias.com.br\/se\/wp-json\/wp\/v2\/media\/41192"}],"wp:attachment":[{"href":"https:\/\/senoticias.com.br\/se\/wp-json\/wp\/v2\/media?parent=41191"}],"wp:term":[{"taxonomy":"category","embeddable":true,"href":"https:\/\/senoticias.com.br\/se\/wp-json\/wp\/v2\/categories?post=41191"},{"taxonomy":"post_tag","embeddable":true,"href":"https:\/\/senoticias.com.br\/se\/wp-json\/wp\/v2\/tags?post=41191"}],"curies":[{"name":"wp","href":"https:\/\/api.w.org\/{rel}","templated":true}]}}