{"id":41183,"date":"2012-11-14T19:02:35","date_gmt":"2012-11-14T22:02:35","guid":{"rendered":"http:\/\/senoticias.com.br\/se\/?p=41183"},"modified":"2012-11-14T19:02:35","modified_gmt":"2012-11-14T22:02:35","slug":"policia-civil-recupera-veiculo-subtraido-na-cidade-de-salvador","status":"publish","type":"post","link":"https:\/\/senoticias.com.br\/se\/policia-civil-recupera-veiculo-subtraido-na-cidade-de-salvador\/","title":{"rendered":"Pol\u00edcia Civil recupera ve\u00edculo subtra\u00eddo na cidade de Salvador"},"content":{"rendered":"<p>&nbsp;<\/p>\n<div id=\"attachment_41184\" style=\"width: 231px\" class=\"wp-caption alignleft\"><a href=\"http:\/\/senoticias.com.br\/se\/wp-content\/uploads\/2012\/11\/PC.jpg\"><img loading=\"lazy\" decoding=\"async\" aria-describedby=\"caption-attachment-41184\" class=\"size-full wp-image-41184\" title=\"PC\" src=\"http:\/\/senoticias.com.br\/se\/wp-content\/uploads\/2012\/11\/PC.jpg\" alt=\"\" width=\"221\" height=\"166\" srcset=\"https:\/\/senoticias.com.br\/se\/wp-content\/uploads\/2012\/11\/PC.jpg 221w, https:\/\/senoticias.com.br\/se\/wp-content\/uploads\/2012\/11\/PC-60x45.jpg 60w, https:\/\/senoticias.com.br\/se\/wp-content\/uploads\/2012\/11\/PC-150x113.jpg 150w\" sizes=\"(max-width: 221px) 100vw, 221px\" \/><\/a><p id=\"caption-attachment-41184\" class=\"wp-caption-text\">Fiat Strada Adventure, ano 2010. (Foto: GECROF-Pol\u00edcia Civil\/SE)<\/p><\/div>\n<p style=\"text-align: justify;\">A Pol\u00edcia Civil recuperou um Fiat Strada Adventure, ano 2010, cor verde, placa 4412, com restri\u00e7\u00e3o de roubo\/furto. O ve\u00edculo era da cidade de Salvador, Bahia e foi localizado pelo Grupo Especial de Combate a Roubos e Furtos (GECROF).<\/p>\n<p style=\"text-align: justify;\">Ap\u00f3s a identifica\u00e7\u00e3o do ve\u00edculo e a confirma\u00e7\u00e3o que era produto de roubo\/furto, a pol\u00edcia fez um levantamento de uma semana, descobrindo que o carro estava em posse de Marcos Almeida Santos, que usava o autom\u00f3vel em sua loja de jardinagem, na Farol\u00e2ndia.<\/p>\n<p style=\"text-align: justify;\">A apreens\u00e3o foi realizada no \u00faltimo s\u00e1bado, quando o autom\u00f3vel se encontrava na loja de jardinagem. Na delegacia, Marcos confessou que adquiriu o ve\u00edculo em setembro de 2011, em raz\u00e3o do pagamento de uma d\u00edvida que tinha com o vendedor do carro.<\/p>\n<p style=\"text-align: justify;\">A identidade do homem que vendeu o ve\u00edculo para Marcos \u00e9 mantida em sigilo, para n\u00e3o atrapalhar as investiga\u00e7\u00f5es. O caso foi encaminhado para a Delegacia de Roubos e Furtos de Ve\u00edculos, que deve investigar como ocorreu a subtra\u00e7\u00e3o.<\/p>\n<p style=\"text-align: justify;\">Da Assessoria GECROF-Pol\u00edcia Civil\/Sergipe<\/p>\n","protected":false},"excerpt":{"rendered":"<p>&nbsp; A Pol\u00edcia Civil recuperou um Fiat Strada Adventure, ano 2010, cor verde, placa 4412, com restri\u00e7\u00e3o de roubo\/furto. O ve\u00edculo era da cidade de Salvador, Bahia e foi localizado pelo Grupo Especial de Combate a Roubos e Furtos (GECROF). Ap\u00f3s a identifica\u00e7\u00e3o do ve\u00edculo e a confirma\u00e7\u00e3o que era produto de roubo\/furto, a pol\u00edcia [&hellip;]<\/p>\n","protected":false},"author":1,"featured_media":41184,"comment_status":"closed","ping_status":"closed","sticky":false,"template":"","format":"standard","meta":{"footnotes":""},"categories":[7],"tags":[],"class_list":{"0":"post-41183","1":"post","2":"type-post","3":"status-publish","4":"format-standard","5":"has-post-thumbnail","7":"category-policia"},"_links":{"self":[{"href":"https:\/\/senoticias.com.br\/se\/wp-json\/wp\/v2\/posts\/41183"}],"collection":[{"href":"https:\/\/senoticias.com.br\/se\/wp-json\/wp\/v2\/posts"}],"about":[{"href":"https:\/\/senoticias.com.br\/se\/wp-json\/wp\/v2\/types\/post"}],"author":[{"embeddable":true,"href":"https:\/\/senoticias.com.br\/se\/wp-json\/wp\/v2\/users\/1"}],"replies":[{"embeddable":true,"href":"https:\/\/senoticias.com.br\/se\/wp-json\/wp\/v2\/comments?post=41183"}],"version-history":[{"count":0,"href":"https:\/\/senoticias.com.br\/se\/wp-json\/wp\/v2\/posts\/41183\/revisions"}],"wp:featuredmedia":[{"embeddable":true,"href":"https:\/\/senoticias.com.br\/se\/wp-json\/wp\/v2\/media\/41184"}],"wp:attachment":[{"href":"https:\/\/senoticias.com.br\/se\/wp-json\/wp\/v2\/media?parent=41183"}],"wp:term":[{"taxonomy":"category","embeddable":true,"href":"https:\/\/senoticias.com.br\/se\/wp-json\/wp\/v2\/categories?post=41183"},{"taxonomy":"post_tag","embeddable":true,"href":"https:\/\/senoticias.com.br\/se\/wp-json\/wp\/v2\/tags?post=41183"}],"curies":[{"name":"wp","href":"https:\/\/api.w.org\/{rel}","templated":true}]}}