{"id":41180,"date":"2012-11-14T18:49:37","date_gmt":"2012-11-14T21:49:37","guid":{"rendered":"http:\/\/senoticias.com.br\/se\/?p=41180"},"modified":"2012-11-14T18:49:37","modified_gmt":"2012-11-14T21:49:37","slug":"mendonca-prado-votou-favoravel-ao-adicional-de-periculosidade-para-vigilantes","status":"publish","type":"post","link":"https:\/\/senoticias.com.br\/se\/mendonca-prado-votou-favoravel-ao-adicional-de-periculosidade-para-vigilantes\/","title":{"rendered":"Mendon\u00e7a Prado votou favor\u00e1vel ao adicional de periculosidade para vigilantes"},"content":{"rendered":"<p>&nbsp;<\/p>\n<div id=\"attachment_41181\" style=\"width: 236px\" class=\"wp-caption alignleft\"><a href=\"http:\/\/senoticias.com.br\/se\/wp-content\/uploads\/2012\/11\/Prado.jpg\"><img loading=\"lazy\" decoding=\"async\" aria-describedby=\"caption-attachment-41181\" class=\"size-full wp-image-41181\" title=\"Prado\" src=\"http:\/\/senoticias.com.br\/se\/wp-content\/uploads\/2012\/11\/Prado.jpg\" alt=\"\" width=\"226\" height=\"150\" \/><\/a><p id=\"caption-attachment-41181\" class=\"wp-caption-text\">Mendon\u00e7a votou favor\u00e1vel ao adicional de periculosidade para vigilantes.(Ascom\/DF)<\/p><\/div>\n<p style=\"text-align: justify;\">Na noite desta ter\u00e7a-feira (13), o Plen\u00e1rio da C\u00e2mara dos Deputados aprovou a emenda do Senado ao Projeto de Lei 1033\/2003, que estende o adicional de periculosidade aos vigilantes e seguran\u00e7as privados, devido ao risco de roubos ou outras esp\u00e9cies de viol\u00eancia f\u00edsica. O projeto \u00e9 de autoria da ex-deputada e hoje senadora Vanessa Grazziotin. Agora, a proposta segue para san\u00e7\u00e3o presidencial.<\/p>\n<p style=\"text-align: justify;\">O deputado federal Mendon\u00e7a Prado (DEM-SE), 1\u00ba vice-presidente da Comiss\u00e3o de Seguran\u00e7a P\u00fablica e Combate ao Crime Organizado (CSPCCO), votou favor\u00e1vel \u00e0 emenda do Senado e ficou satisfeito com sua aprova\u00e7\u00e3o, j\u00e1 que vem apoiando e lutando por todos os trabalhadores da seguran\u00e7a p\u00fablica e privada.<\/p>\n<p style=\"text-align: justify;\">O adicional de periculosidade corresponde a 30% do sal\u00e1rio, exceto gratifica\u00e7\u00f5es, pr\u00eamios ou participa\u00e7\u00f5es nos lucros das empresas. A emenda do Senado excluiu do projeto da C\u00e2mara o direito ao adicional de periculosidade para atividades sujeitas a acidentes de tr\u00e2nsito e de trabalho.<\/p>\n<p style=\"text-align: justify;\">\u201cConsidero essa proposta sensata e que ad\u00e9qua a atual realidade ao que determina o princ\u00edpio da igualdade. Os vigilantes, assim como outras categorias que correm risco de morte, s\u00e3o destinat\u00e1rios desse benef\u00edcio por uma quest\u00e3o eminentemente jur\u00eddica. A mat\u00e9ria \u00e9 legal e merit\u00f3ria\u201d, afirmou o parlamentar sergipano.<\/p>\n<p style=\"text-align: justify;\"><span style=\"color: #333333;\"><em><strong>Por Izys Moreira &#8211; Assessoria de Imprensa<\/strong><\/em><\/span><\/p>\n","protected":false},"excerpt":{"rendered":"<p>&nbsp; Na noite desta ter\u00e7a-feira (13), o Plen\u00e1rio da C\u00e2mara dos Deputados aprovou a emenda do Senado ao Projeto de Lei 1033\/2003, que estende o adicional de periculosidade aos vigilantes e seguran\u00e7as privados, devido ao risco de roubos ou outras esp\u00e9cies de viol\u00eancia f\u00edsica. O projeto \u00e9 de autoria da ex-deputada e hoje senadora Vanessa [&hellip;]<\/p>\n","protected":false},"author":1,"featured_media":41181,"comment_status":"closed","ping_status":"closed","sticky":false,"template":"","format":"standard","meta":{"footnotes":""},"categories":[6],"tags":[],"class_list":{"0":"post-41180","1":"post","2":"type-post","3":"status-publish","4":"format-standard","5":"has-post-thumbnail","7":"category-politica"},"_links":{"self":[{"href":"https:\/\/senoticias.com.br\/se\/wp-json\/wp\/v2\/posts\/41180"}],"collection":[{"href":"https:\/\/senoticias.com.br\/se\/wp-json\/wp\/v2\/posts"}],"about":[{"href":"https:\/\/senoticias.com.br\/se\/wp-json\/wp\/v2\/types\/post"}],"author":[{"embeddable":true,"href":"https:\/\/senoticias.com.br\/se\/wp-json\/wp\/v2\/users\/1"}],"replies":[{"embeddable":true,"href":"https:\/\/senoticias.com.br\/se\/wp-json\/wp\/v2\/comments?post=41180"}],"version-history":[{"count":0,"href":"https:\/\/senoticias.com.br\/se\/wp-json\/wp\/v2\/posts\/41180\/revisions"}],"wp:featuredmedia":[{"embeddable":true,"href":"https:\/\/senoticias.com.br\/se\/wp-json\/wp\/v2\/media\/41181"}],"wp:attachment":[{"href":"https:\/\/senoticias.com.br\/se\/wp-json\/wp\/v2\/media?parent=41180"}],"wp:term":[{"taxonomy":"category","embeddable":true,"href":"https:\/\/senoticias.com.br\/se\/wp-json\/wp\/v2\/categories?post=41180"},{"taxonomy":"post_tag","embeddable":true,"href":"https:\/\/senoticias.com.br\/se\/wp-json\/wp\/v2\/tags?post=41180"}],"curies":[{"name":"wp","href":"https:\/\/api.w.org\/{rel}","templated":true}]}}