{"id":41176,"date":"2012-11-14T17:51:21","date_gmt":"2012-11-14T20:51:21","guid":{"rendered":"http:\/\/senoticias.com.br\/se\/?p=41176"},"modified":"2012-11-14T17:59:53","modified_gmt":"2012-11-14T20:59:53","slug":"cprv-realiza-operacao-proclamacao-da-republica-nas-rodovias-estaduais","status":"publish","type":"post","link":"https:\/\/senoticias.com.br\/se\/cprv-realiza-operacao-proclamacao-da-republica-nas-rodovias-estaduais\/","title":{"rendered":"CPRv inicia Opera\u00e7\u00e3o &#8216;Proclama\u00e7\u00e3o da Rep\u00fablica&#8217; nas rodovias estaduais"},"content":{"rendered":"<div id=\"attachment_41177\" style=\"width: 310px\" class=\"wp-caption alignleft\"><a href=\"http:\/\/senoticias.com.br\/se\/wp-content\/uploads\/2012\/11\/CPRv.jpg\"><img loading=\"lazy\" decoding=\"async\" aria-describedby=\"caption-attachment-41177\" class=\"size-medium wp-image-41177\" title=\"CPRv\" src=\"http:\/\/senoticias.com.br\/se\/wp-content\/uploads\/2012\/11\/CPRv-300x225.jpg\" alt=\"\" width=\"300\" height=\"225\" srcset=\"https:\/\/senoticias.com.br\/se\/wp-content\/uploads\/2012\/11\/CPRv-300x225.jpg 300w, https:\/\/senoticias.com.br\/se\/wp-content\/uploads\/2012\/11\/CPRv-342x256.jpg 342w, https:\/\/senoticias.com.br\/se\/wp-content\/uploads\/2012\/11\/CPRv-60x45.jpg 60w, https:\/\/senoticias.com.br\/se\/wp-content\/uploads\/2012\/11\/CPRv-150x113.jpg 150w, https:\/\/senoticias.com.br\/se\/wp-content\/uploads\/2012\/11\/CPRv-269x201.jpg 269w, https:\/\/senoticias.com.br\/se\/wp-content\/uploads\/2012\/11\/CPRv.jpg 800w\" sizes=\"(max-width: 300px) 100vw, 300px\" \/><\/a><p id=\"caption-attachment-41177\" class=\"wp-caption-text\">A CPRv solicita aos condutores mais aten\u00e7\u00e3o em algumas rodovias, principalmente nos hor\u00e1rios das 10h \u00e0s 12h e das 16h \u00e0s 18h. (Foto CPRv)<\/p><\/div>\n<p style=\"text-align: justify;\">A Pol\u00edcia Militar, atrav\u00e9s da Companhia de Pol\u00edcia Militar Rodovi\u00e1ria (CPRv), inicia, na manh\u00e3 desta quinta-feira, 15, a Opera\u00e7\u00e3o Proclama\u00e7\u00e3o da Rep\u00fablica, a qual segue at\u00e9 a meia-noite do domingo, 18, nas rodovias estaduais. Durante os quatro dias de opera\u00e7\u00e3o, um efetivo de 40 policias militares, por dia, intensificar\u00e1 o policiamento ostensivo e as fiscaliza\u00e7\u00f5es de tr\u00e2nsito nas rodovias, com o apoio operacional de 12 viaturas equipadas com baf\u00f4metros.<\/p>\n<p style=\"text-align: justify;\">As rodovias localizadas nos munic\u00edpios de Barra dos Coqueiros, Pirambu, Largato, Indiaroba, Aracaju, Itaporanga D\u2019Ajuda e Est\u00e2ncia receber\u00e3o uma aten\u00e7\u00e3o especial da CPRv, devido ao aumento significativo do tr\u00e1fego de ve\u00edculos nessas rodovias durante os feriados. A CPRv, visando \u00e0 seguran\u00e7a dos cidad\u00e3os, repassa algumas recomenda\u00e7\u00f5es aos condutores e pede a esses aten\u00e7\u00e3o redobrada nas rodovias:<\/p>\n<p style=\"text-align: justify;\">&#8211; Obede\u00e7a ao limite de velocidade permitida para as rodovia estaduais, que \u00e9 de 80 Km\/h;<\/p>\n<p style=\"text-align: justify;\">&#8211; N\u00e3o efetue ultrapassagens indevidas;<\/p>\n<p style=\"text-align: justify;\">&#8211; Mantenha uma dist\u00e2ncia de seguran\u00e7a do ve\u00edculo que segue \u00e0 sua frente;<\/p>\n<p style=\"text-align: justify;\">&#8211; Utilize sempre o cinto de seguran\u00e7a;<\/p>\n<p style=\"text-align: justify;\">&#8211; O capacete de seguran\u00e7a deve ser utilizado tanto pelo condutor como pelo passageiro;<\/p>\n<p style=\"text-align: justify;\">&#8211; O transporte de crian\u00e7as de at\u00e9 sete anos deve ser efetuado atrav\u00e9s de cadeirinhas, beb\u00ea-conforto e assento de eleva\u00e7\u00e3o;<\/p>\n<p style=\"text-align: justify;\">&#8211; N\u00e3o transite com o ve\u00edculo na areia das praias;<\/p>\n<p style=\"text-align: justify;\">&#8211; Lembre-se: bebida alco\u00f3lica e dire\u00e7\u00e3o \u00e9 uma mistura que n\u00e3o combina.<\/p>\n<p style=\"text-align: justify;\">Aten\u00e7\u00e3o redobrada &#8211; A CPRv solicita aos condutores mais aten\u00e7\u00e3o em algumas rodovias, principalmente nos hor\u00e1rios das 10h \u00e0s 12h e das 16h \u00e0s 18h. As rodovias s\u00e3o:<\/p>\n<p style=\"text-align: justify;\">&#8211; Rodovia Mel\u00edcio Machado (SE 050) &#8211; Aracaju.<\/p>\n<p style=\"text-align: justify;\">&#8211; Ponte Construtor Jo\u00e3o Alves (SE 449) &#8211; Barra dos Coqueiros.<\/p>\n<p style=\"text-align: justify;\">&#8211; Rodovia Jos\u00e9 Sarney (SE 100) &#8211; Aracaju.<\/p>\n<p style=\"text-align: justify;\">&#8211; Rodovia Airton Senna (SE 100) &#8211; Ponte Joel Silveira\/ Itaporanga D\u2019Ajuda\/ Est\u00e2ncia.<\/p>\n<p style=\"text-align: justify;\">&#8211; Rodovia Adilson T\u00e1vora (SE 100) &#8211; Barra dos Coqueiros.<\/p>\n<p style=\"text-align: justify;\">&#8211; Rodovia Lourival Batista (SE 270) \u2013 Itaporanga D\u2019Ajuda\/ Salgado\/ Lagarto\/ Sim\u00e3o Dias.<\/p>\n<p style=\"text-align: justify;\"><strong>Estat\u00edsticas<\/strong><\/p>\n<p style=\"text-align: justify;\">At\u00e9 o m\u00eas de novembro de 2012, a CPRv j\u00e1 registrou 960 acidentes de tr\u00e2nsito, com 680 pessoas lesionadas e 115 mortes nas rodovias estaduais. Caso o condutor necessite do aux\u00edlio da policia militar rodovi\u00e1ria, deve entrar em contato atrav\u00e9s do telefone 198, de qualquer regi\u00e3o do Estado.<\/p>\n<p style=\"text-align: justify;\">SSP\/SE<\/p>\n","protected":false},"excerpt":{"rendered":"<p>A Pol\u00edcia Militar, atrav\u00e9s da Companhia de Pol\u00edcia Militar Rodovi\u00e1ria (CPRv), inicia, na manh\u00e3 desta quinta-feira, 15, a Opera\u00e7\u00e3o Proclama\u00e7\u00e3o da Rep\u00fablica, a qual segue at\u00e9 a meia-noite do domingo, 18, nas rodovias estaduais. Durante os quatro dias de opera\u00e7\u00e3o, um efetivo de 40 policias militares, por dia, intensificar\u00e1 o policiamento ostensivo e as fiscaliza\u00e7\u00f5es [&hellip;]<\/p>\n","protected":false},"author":1,"featured_media":41177,"comment_status":"closed","ping_status":"closed","sticky":false,"template":"","format":"standard","meta":{"footnotes":""},"categories":[7],"tags":[],"class_list":{"0":"post-41176","1":"post","2":"type-post","3":"status-publish","4":"format-standard","5":"has-post-thumbnail","7":"category-policia"},"_links":{"self":[{"href":"https:\/\/senoticias.com.br\/se\/wp-json\/wp\/v2\/posts\/41176"}],"collection":[{"href":"https:\/\/senoticias.com.br\/se\/wp-json\/wp\/v2\/posts"}],"about":[{"href":"https:\/\/senoticias.com.br\/se\/wp-json\/wp\/v2\/types\/post"}],"author":[{"embeddable":true,"href":"https:\/\/senoticias.com.br\/se\/wp-json\/wp\/v2\/users\/1"}],"replies":[{"embeddable":true,"href":"https:\/\/senoticias.com.br\/se\/wp-json\/wp\/v2\/comments?post=41176"}],"version-history":[{"count":0,"href":"https:\/\/senoticias.com.br\/se\/wp-json\/wp\/v2\/posts\/41176\/revisions"}],"wp:featuredmedia":[{"embeddable":true,"href":"https:\/\/senoticias.com.br\/se\/wp-json\/wp\/v2\/media\/41177"}],"wp:attachment":[{"href":"https:\/\/senoticias.com.br\/se\/wp-json\/wp\/v2\/media?parent=41176"}],"wp:term":[{"taxonomy":"category","embeddable":true,"href":"https:\/\/senoticias.com.br\/se\/wp-json\/wp\/v2\/categories?post=41176"},{"taxonomy":"post_tag","embeddable":true,"href":"https:\/\/senoticias.com.br\/se\/wp-json\/wp\/v2\/tags?post=41176"}],"curies":[{"name":"wp","href":"https:\/\/api.w.org\/{rel}","templated":true}]}}